{"id":32879,"date":"2023-07-27T17:45:13","date_gmt":"2023-07-27T17:45:13","guid":{"rendered":"https:\/\/www.elpolitologoyelpolitico.com.ar\/wordpress\/?p=32879"},"modified":"2023-07-27T17:45:14","modified_gmt":"2023-07-27T17:45:14","slug":"ipross-trabaja-para-recuperar-la-validacion-electronica-movil","status":"publish","type":"post","link":"https:\/\/www.elpolitologoyelpolitico.com.ar\/wordpress\/2023\/07\/27\/ipross-trabaja-para-recuperar-la-validacion-electronica-movil\/","title":{"rendered":"IPROSS trabaja para recuperar la validaci\u00f3n electr\u00f3nica m\u00f3vil"},"content":{"rendered":"\n<p>El sistema de Validaci\u00f3n Electr\u00f3nica M\u00f3vil (VEM) del IPROSS, que permite emitir recetas y crear consultas de los usuarios, se encuentra fuera de servicio debido a que agentes externos al Instituto ingresaron y alteraron la base de datos.<\/p>\n\n\n\n<p>Por el momento, el \u00e1rea de Inform\u00e1tica ya tiene en su poder la direcci\u00f3n de IP donde est\u00e1 alojada la base de datos para levantar una copia, recuperar datos antiguos, formatear, volver a cargar todos los afiliados.<\/p>\n\n\n\n<p>Al respecto, el&nbsp; presidente del IPROSS, Alejandro Marenco explic\u00f3 \u201ceste fin de semana tuvimos un hackeo de la base de datos del sistema electr\u00f3nico m\u00f3vil del organismo y estamos trabajando para recomponer el sistema con una nueva base para darle mayor seguridad al sistema\u201d.<\/p>\n\n\n\n<p>\u201cPor el momento, y con la colaboraci\u00f3n de la Federaci\u00f3n M\u00e9dica y Colegio M\u00e9dico de la provincia, los profesionales de la Salud pueden registrar la consulta con la firma del afiliado y utilizar la receta de papel\u201d, resolvi\u00f3 Marenco.&nbsp;<\/p>\n<div class=\"fb-background-color\">\n\t\t\t  <div \n\t\t\t  \tclass = \"fb-comments\" \n\t\t\t  \tdata-href = \"https:\/\/www.elpolitologoyelpolitico.com.ar\/wordpress\/2023\/07\/27\/ipross-trabaja-para-recuperar-la-validacion-electronica-movil\/\"\n\t\t\t  \tdata-numposts = \"10\"\n\t\t\t  \tdata-lazy = \"true\"\n\t\t\t\tdata-colorscheme = \"light\"\n\t\t\t\tdata-order-by = \"social\"\n\t\t\t\tdata-mobile=true>\n\t\t\t  <\/div><\/div>\n\t\t  <style>\n\t\t    .fb-background-color {\n\t\t\t\tbackground: #ffffff !important;\n\t\t\t}\n\t\t\t.fb_iframe_widget_fluid_desktop iframe {\n\t\t\t    width: 100% !important;\n\t\t\t}\n\t\t  <\/style>\n\t\t  ","protected":false},"excerpt":{"rendered":"<p>El sistema de Validaci\u00f3n Electr\u00f3nica M\u00f3vil (VEM) del IPROSS, que permite emitir recetas y crear consultas de los usuarios, se encuentra fuera de servicio debido a que agentes externos al Instituto ingresaron y alteraron la base de datos. Por el momento, el \u00e1rea de Inform\u00e1tica ya tiene en su poder la direcci\u00f3n de IP donde [&hellip;]<\/p>\n","protected":false},"author":4,"featured_media":32880,"comment_status":"closed","ping_status":"closed","sticky":false,"template":"","format":"standard","meta":{"_joinchat":[],"footnotes":""},"categories":[39],"tags":[],"class_list":["post-32879","post","type-post","status-publish","format-standard","has-post-thumbnail","hentry","category-en-esta-seccion"],"_links":{"self":[{"href":"https:\/\/www.elpolitologoyelpolitico.com.ar\/wordpress\/wp-json\/wp\/v2\/posts\/32879","targetHints":{"allow":["GET"]}}],"collection":[{"href":"https:\/\/www.elpolitologoyelpolitico.com.ar\/wordpress\/wp-json\/wp\/v2\/posts"}],"about":[{"href":"https:\/\/www.elpolitologoyelpolitico.com.ar\/wordpress\/wp-json\/wp\/v2\/types\/post"}],"author":[{"embeddable":true,"href":"https:\/\/www.elpolitologoyelpolitico.com.ar\/wordpress\/wp-json\/wp\/v2\/users\/4"}],"replies":[{"embeddable":true,"href":"https:\/\/www.elpolitologoyelpolitico.com.ar\/wordpress\/wp-json\/wp\/v2\/comments?post=32879"}],"version-history":[{"count":0,"href":"https:\/\/www.elpolitologoyelpolitico.com.ar\/wordpress\/wp-json\/wp\/v2\/posts\/32879\/revisions"}],"wp:featuredmedia":[{"embeddable":true,"href":"https:\/\/www.elpolitologoyelpolitico.com.ar\/wordpress\/wp-json\/wp\/v2\/media\/32880"}],"wp:attachment":[{"href":"https:\/\/www.elpolitologoyelpolitico.com.ar\/wordpress\/wp-json\/wp\/v2\/media?parent=32879"}],"wp:term":[{"taxonomy":"category","embeddable":true,"href":"https:\/\/www.elpolitologoyelpolitico.com.ar\/wordpress\/wp-json\/wp\/v2\/categories?post=32879"},{"taxonomy":"post_tag","embeddable":true,"href":"https:\/\/www.elpolitologoyelpolitico.com.ar\/wordpress\/wp-json\/wp\/v2\/tags?post=32879"}],"curies":[{"name":"wp","href":"https:\/\/api.w.org\/{rel}","templated":true}]}}