{"id":32876,"date":"2023-07-27T17:21:58","date_gmt":"2023-07-27T17:21:58","guid":{"rendered":"https:\/\/www.elpolitologoyelpolitico.com.ar\/wordpress\/?p=32876"},"modified":"2023-07-27T17:21:59","modified_gmt":"2023-07-27T17:21:59","slug":"inscripciones-abiertas-para-participar-de-la-2-fecha-de-la-regata-campeonato-de-invierno-2023","status":"publish","type":"post","link":"https:\/\/www.elpolitologoyelpolitico.com.ar\/wordpress\/2023\/07\/27\/inscripciones-abiertas-para-participar-de-la-2-fecha-de-la-regata-campeonato-de-invierno-2023\/","title":{"rendered":"Inscripciones abiertas para participar de la 2\u00b0 fecha de la regata \u201cCampeonato de Invierno 2023\u201d"},"content":{"rendered":"\n<p>Ya se encuentran abiertas las inscripciones para participar de la 2\u00b0 fecha de la regata \u201cCampeonato de Invierno 2023\u201d, que se llevar\u00e1 adelante el 12 de agosto desde las 10 en el Paseo de Los Palistas (a la altura del barco hundido) de la costanera de Viedma.<\/p>\n\n\n\n<p>Quienes est\u00e9n interesados podr\u00e1n inscribirse a trav\u00e9s del e- mail viedmadeportes@hotmail.com, enviando nombre y apellido, DNI, edad, categor\u00eda y al momento de la carrera abonar mil pesos.<\/p>\n\n\n\n<p>De la competencia podr\u00e1n participar las categor\u00edas preinfantiles (desde los 10 a\u00f1os), infantiles, menores, cadetes, junior, senior, master en K-1 A-B-C-D, C-1 libre, paracanotaje, 520 A-B-C, traves\u00eda doble A- B- C, traves\u00eda mixto A-B-C, Damas A- B y K-4 Promocionales libre y K-4 libre.<\/p>\n\n\n\n<p>La regata \u201cCampeonato de invierno 2023\u201d es organizada por la Comisi\u00f3n de Padres de la Escuela de Municipal de Canotaje y el Gobierno de Viedma.<\/p>\n\n\n\n<p>En la primera fecha, participaron m\u00e1s de 180 palistas de diferentes localidades: Trelew, Rawson, Lamarque, Conesa, Guardia Mitre, San Antonio, Viedma y Patagones.<\/p>\n\n\n\n<p>La regata tuvo 220 personas inscriptas, de la cual participaron 145 embarcaciones.<\/p>\n\n\n\n<p>La competencia estuvo protagonizada por 14 categor\u00edas que corrieron, en las que participaron ni\u00f1as, ni\u00f1os, j\u00f3venes y adultos junto a las familias que alentaron, disfrutaron de tortas fritas y choripanes durante la jornada.<\/p>\n<div class=\"fb-background-color\">\n\t\t\t  <div \n\t\t\t  \tclass = \"fb-comments\" \n\t\t\t  \tdata-href = \"https:\/\/www.elpolitologoyelpolitico.com.ar\/wordpress\/2023\/07\/27\/inscripciones-abiertas-para-participar-de-la-2-fecha-de-la-regata-campeonato-de-invierno-2023\/\"\n\t\t\t  \tdata-numposts = \"10\"\n\t\t\t  \tdata-lazy = \"true\"\n\t\t\t\tdata-colorscheme = \"light\"\n\t\t\t\tdata-order-by = \"social\"\n\t\t\t\tdata-mobile=true>\n\t\t\t  <\/div><\/div>\n\t\t  <style>\n\t\t    .fb-background-color {\n\t\t\t\tbackground: #ffffff !important;\n\t\t\t}\n\t\t\t.fb_iframe_widget_fluid_desktop iframe {\n\t\t\t    width: 100% !important;\n\t\t\t}\n\t\t  <\/style>\n\t\t  ","protected":false},"excerpt":{"rendered":"<p>Ya se encuentran abiertas las inscripciones para participar de la 2\u00b0 fecha de la regata \u201cCampeonato de Invierno 2023\u201d, que se llevar\u00e1 adelante el 12 de agosto desde las 10 en el Paseo de Los Palistas (a la altura del barco hundido) de la costanera de Viedma. Quienes est\u00e9n interesados podr\u00e1n inscribirse a trav\u00e9s del [&hellip;]<\/p>\n","protected":false},"author":4,"featured_media":32877,"comment_status":"closed","ping_status":"closed","sticky":false,"template":"","format":"standard","meta":{"_joinchat":[],"footnotes":""},"categories":[39],"tags":[],"class_list":["post-32876","post","type-post","status-publish","format-standard","has-post-thumbnail","hentry","category-en-esta-seccion"],"_links":{"self":[{"href":"https:\/\/www.elpolitologoyelpolitico.com.ar\/wordpress\/wp-json\/wp\/v2\/posts\/32876","targetHints":{"allow":["GET"]}}],"collection":[{"href":"https:\/\/www.elpolitologoyelpolitico.com.ar\/wordpress\/wp-json\/wp\/v2\/posts"}],"about":[{"href":"https:\/\/www.elpolitologoyelpolitico.com.ar\/wordpress\/wp-json\/wp\/v2\/types\/post"}],"author":[{"embeddable":true,"href":"https:\/\/www.elpolitologoyelpolitico.com.ar\/wordpress\/wp-json\/wp\/v2\/users\/4"}],"replies":[{"embeddable":true,"href":"https:\/\/www.elpolitologoyelpolitico.com.ar\/wordpress\/wp-json\/wp\/v2\/comments?post=32876"}],"version-history":[{"count":0,"href":"https:\/\/www.elpolitologoyelpolitico.com.ar\/wordpress\/wp-json\/wp\/v2\/posts\/32876\/revisions"}],"wp:featuredmedia":[{"embeddable":true,"href":"https:\/\/www.elpolitologoyelpolitico.com.ar\/wordpress\/wp-json\/wp\/v2\/media\/32877"}],"wp:attachment":[{"href":"https:\/\/www.elpolitologoyelpolitico.com.ar\/wordpress\/wp-json\/wp\/v2\/media?parent=32876"}],"wp:term":[{"taxonomy":"category","embeddable":true,"href":"https:\/\/www.elpolitologoyelpolitico.com.ar\/wordpress\/wp-json\/wp\/v2\/categories?post=32876"},{"taxonomy":"post_tag","embeddable":true,"href":"https:\/\/www.elpolitologoyelpolitico.com.ar\/wordpress\/wp-json\/wp\/v2\/tags?post=32876"}],"curies":[{"name":"wp","href":"https:\/\/api.w.org\/{rel}","templated":true}]}}