{"id":32867,"date":"2023-07-27T16:38:07","date_gmt":"2023-07-27T16:38:07","guid":{"rendered":"https:\/\/www.elpolitologoyelpolitico.com.ar\/wordpress\/?p=32867"},"modified":"2023-07-27T16:38:08","modified_gmt":"2023-07-27T16:38:08","slug":"comenzo-el-primer-curso-de-mucamas-os-para-servicios-de-salud","status":"publish","type":"post","link":"https:\/\/www.elpolitologoyelpolitico.com.ar\/wordpress\/2023\/07\/27\/comenzo-el-primer-curso-de-mucamas-os-para-servicios-de-salud\/","title":{"rendered":"Comenz\u00f3 el primer curso de Mucamas\/os para servicios de salud"},"content":{"rendered":"\n<p>Este lunes 24 de julio, como estaba previsto, comenz\u00f3 en el Centro Integrador Comunitario \u2013CIC- la primera formaci\u00f3n de Mucamas\/os para servicios de salud, organizada desde la Municipalidad de Patagones.<\/p>\n\n\n\n<p>Dado el gran n\u00famero de interesados, que super\u00f3 la expectativa, se dio inicio con los primeros 70 inscriptos, un grupo muy participativo y ameno en la primera de 12 jornadas previstas hasta el 12 de octubre, donde obtendr\u00e1n sus respectivos certificados.<\/p>\n\n\n\n<p>En tanto, se recuerda que los inscriptos que excedieron el cupo anterior, ser\u00e1n notificados dentro del pr\u00f3ximo mes para acceder a la formaci\u00f3n, bajo la modalidad virtual.<\/p>\n\n\n\n<p>La apertura de la primera jornada estuvo a cargo del Secretario de Salud, Dr. Edgardo Jalabert, la Subsecretaria de Recursos Humanos, Alejandra Araujo, la Coordinadora de Programas Sanitarios, Lic. Mabel Guzm\u00e1n, la Directora de Enfermer\u00eda, Lic. Mar\u00eda del Carmen Borsella; Jefa del Dto. de Mucamas del Hospital Pedro Ecay, Cintia Romero, y por el Dto. de Medicina Laboral y Seguridad e Higiene, Vanesa Meneses.<\/p>\n\n\n\n<p>Con respecto a la actividad, la Subsecretaria de Recursos Humanos, Alejandra Araujo, destac\u00f3 y agradeci\u00f3 \u201cla confianza e inter\u00e9s en participar a partir de esta herramienta que brinda el Estado Municipal, en uno de los ejes de gesti\u00f3n del Intendente Zara desde 2015, poniendo el acento en la capacitaci\u00f3n como herramienta que genera futuro, no solo para agentes municipales, sino para el p\u00fablico en general, como en esta oportunidad\u201d.<\/p>\n\n\n\n<figure class=\"wp-block-gallery has-nested-images columns-default is-cropped wp-block-gallery-1 is-layout-flex wp-block-gallery-is-layout-flex\">\n<figure class=\"wp-block-image size-large\"><img fetchpriority=\"high\" decoding=\"async\" width=\"766\" height=\"1024\" data-id=\"32869\" src=\"https:\/\/www.elpolitologoyelpolitico.com.ar\/wp-content\/uploads\/2023\/07\/IMG-20230727-WA0007-766x1024.jpg\" alt=\"\" class=\"wp-image-32869\" srcset=\"https:\/\/www.elpolitologoyelpolitico.com.ar\/wp-content\/uploads\/2023\/07\/IMG-20230727-WA0007-766x1024.jpg 766w, https:\/\/www.elpolitologoyelpolitico.com.ar\/wp-content\/uploads\/2023\/07\/IMG-20230727-WA0007-224x300.jpg 224w, https:\/\/www.elpolitologoyelpolitico.com.ar\/wp-content\/uploads\/2023\/07\/IMG-20230727-WA0007-768x1026.jpg 768w, https:\/\/www.elpolitologoyelpolitico.com.ar\/wp-content\/uploads\/2023\/07\/IMG-20230727-WA0007.jpg 868w\" sizes=\"(max-width: 766px) 100vw, 766px\" \/><\/figure>\n\n\n\n<figure class=\"wp-block-image size-large\"><img decoding=\"async\" width=\"770\" height=\"1024\" data-id=\"32870\" src=\"https:\/\/www.elpolitologoyelpolitico.com.ar\/wp-content\/uploads\/2023\/07\/IMG-20230727-WA0006-770x1024.jpg\" alt=\"\" class=\"wp-image-32870\" srcset=\"https:\/\/www.elpolitologoyelpolitico.com.ar\/wp-content\/uploads\/2023\/07\/IMG-20230727-WA0006-770x1024.jpg 770w, https:\/\/www.elpolitologoyelpolitico.com.ar\/wp-content\/uploads\/2023\/07\/IMG-20230727-WA0006-226x300.jpg 226w, https:\/\/www.elpolitologoyelpolitico.com.ar\/wp-content\/uploads\/2023\/07\/IMG-20230727-WA0006-768x1021.jpg 768w, https:\/\/www.elpolitologoyelpolitico.com.ar\/wp-content\/uploads\/2023\/07\/IMG-20230727-WA0006.jpg 963w\" sizes=\"(max-width: 770px) 100vw, 770px\" \/><\/figure>\n<\/figure>\n<div class=\"fb-background-color\">\n\t\t\t  <div \n\t\t\t  \tclass = \"fb-comments\" \n\t\t\t  \tdata-href = \"https:\/\/www.elpolitologoyelpolitico.com.ar\/wordpress\/2023\/07\/27\/comenzo-el-primer-curso-de-mucamas-os-para-servicios-de-salud\/\"\n\t\t\t  \tdata-numposts = \"10\"\n\t\t\t  \tdata-lazy = \"true\"\n\t\t\t\tdata-colorscheme = \"light\"\n\t\t\t\tdata-order-by = \"social\"\n\t\t\t\tdata-mobile=true>\n\t\t\t  <\/div><\/div>\n\t\t  <style>\n\t\t    .fb-background-color {\n\t\t\t\tbackground: #ffffff !important;\n\t\t\t}\n\t\t\t.fb_iframe_widget_fluid_desktop iframe {\n\t\t\t    width: 100% !important;\n\t\t\t}\n\t\t  <\/style>\n\t\t  ","protected":false},"excerpt":{"rendered":"<p>Este lunes 24 de julio, como estaba previsto, comenz\u00f3 en el Centro Integrador Comunitario \u2013CIC- la primera formaci\u00f3n de Mucamas\/os para servicios de salud, organizada desde la Municipalidad de Patagones. Dado el gran n\u00famero de interesados, que super\u00f3 la expectativa, se dio inicio con los primeros 70 inscriptos, un grupo muy participativo y ameno en [&hellip;]<\/p>\n","protected":false},"author":4,"featured_media":32868,"comment_status":"closed","ping_status":"closed","sticky":false,"template":"","format":"standard","meta":{"_joinchat":[],"footnotes":""},"categories":[4],"tags":[],"class_list":["post-32867","post","type-post","status-publish","format-standard","has-post-thumbnail","hentry","category-politicas-publicas"],"_links":{"self":[{"href":"https:\/\/www.elpolitologoyelpolitico.com.ar\/wordpress\/wp-json\/wp\/v2\/posts\/32867","targetHints":{"allow":["GET"]}}],"collection":[{"href":"https:\/\/www.elpolitologoyelpolitico.com.ar\/wordpress\/wp-json\/wp\/v2\/posts"}],"about":[{"href":"https:\/\/www.elpolitologoyelpolitico.com.ar\/wordpress\/wp-json\/wp\/v2\/types\/post"}],"author":[{"embeddable":true,"href":"https:\/\/www.elpolitologoyelpolitico.com.ar\/wordpress\/wp-json\/wp\/v2\/users\/4"}],"replies":[{"embeddable":true,"href":"https:\/\/www.elpolitologoyelpolitico.com.ar\/wordpress\/wp-json\/wp\/v2\/comments?post=32867"}],"version-history":[{"count":0,"href":"https:\/\/www.elpolitologoyelpolitico.com.ar\/wordpress\/wp-json\/wp\/v2\/posts\/32867\/revisions"}],"wp:featuredmedia":[{"embeddable":true,"href":"https:\/\/www.elpolitologoyelpolitico.com.ar\/wordpress\/wp-json\/wp\/v2\/media\/32868"}],"wp:attachment":[{"href":"https:\/\/www.elpolitologoyelpolitico.com.ar\/wordpress\/wp-json\/wp\/v2\/media?parent=32867"}],"wp:term":[{"taxonomy":"category","embeddable":true,"href":"https:\/\/www.elpolitologoyelpolitico.com.ar\/wordpress\/wp-json\/wp\/v2\/categories?post=32867"},{"taxonomy":"post_tag","embeddable":true,"href":"https:\/\/www.elpolitologoyelpolitico.com.ar\/wordpress\/wp-json\/wp\/v2\/tags?post=32867"}],"curies":[{"name":"wp","href":"https:\/\/api.w.org\/{rel}","templated":true}]}}