{"id":32840,"date":"2023-07-26T18:17:24","date_gmt":"2023-07-26T18:17:24","guid":{"rendered":"https:\/\/www.elpolitologoyelpolitico.com.ar\/wordpress\/?p=32840"},"modified":"2023-07-26T18:17:25","modified_gmt":"2023-07-26T18:17:25","slug":"elecciones-2023-hay-27-candidatos-para-llegar-a-la-presidencia-y-una-precandidata-es-de-patagones","status":"publish","type":"post","link":"https:\/\/www.elpolitologoyelpolitico.com.ar\/wordpress\/2023\/07\/26\/elecciones-2023-hay-27-candidatos-para-llegar-a-la-presidencia-y-una-precandidata-es-de-patagones\/","title":{"rendered":"ELECCIONES 2023: Hay 27 Candidatos para llegar a la Presidencia y una Precandidata es de Patagones"},"content":{"rendered":"\n<p>El 13 de agosto son las PASO y son varias las listas que se presentan para llegar a la Casa Rosada.<\/p>\n\n\n\n<p>Estas elecciones 2023 tienen una particularidad; habr\u00e1 27 listas para Presidente y Vicepresidente,&nbsp;por&nbsp;15 frentes electorales y partidos, en 7 de los cuales habr\u00e1 internas para definir qui\u00e9n ser\u00e1 el postulante al sill\u00f3n de Rivadavia. El n\u00famero duplica las f\u00f3rmulas inscriptas en 2015, cuando compitieron 14 binomios para presidente y vice en las Primarias de ese a\u00f1o.<\/p>\n\n\n\n<p>Una de las listas es la que encabeza la maragata Carina Bartolini, ex candidata a intendenta de Carmen de Patagones por el Frente de Unidad Popular en 2015.<\/p>\n\n\n\n<p>La acompa\u00f1a como vicepresidenta Cristina Mabel Gomez.<\/p>\n\n\n\n<p>Carina Bartolini, emitir\u00e1 su voto en la Escuela Primaria 14, ubicada sobre la calle Jaime Harris en Carmen de Patagones.<\/p>\n<div class=\"fb-background-color\">\n\t\t\t  <div \n\t\t\t  \tclass = \"fb-comments\" \n\t\t\t  \tdata-href = \"https:\/\/www.elpolitologoyelpolitico.com.ar\/wordpress\/2023\/07\/26\/elecciones-2023-hay-27-candidatos-para-llegar-a-la-presidencia-y-una-precandidata-es-de-patagones\/\"\n\t\t\t  \tdata-numposts = \"10\"\n\t\t\t  \tdata-lazy = \"true\"\n\t\t\t\tdata-colorscheme = \"light\"\n\t\t\t\tdata-order-by = \"social\"\n\t\t\t\tdata-mobile=true>\n\t\t\t  <\/div><\/div>\n\t\t  <style>\n\t\t    .fb-background-color {\n\t\t\t\tbackground: #ffffff !important;\n\t\t\t}\n\t\t\t.fb_iframe_widget_fluid_desktop iframe {\n\t\t\t    width: 100% !important;\n\t\t\t}\n\t\t  <\/style>\n\t\t  ","protected":false},"excerpt":{"rendered":"<p>El 13 de agosto son las PASO y son varias las listas que se presentan para llegar a la Casa Rosada. Estas elecciones 2023 tienen una particularidad; habr\u00e1 27 listas para Presidente y Vicepresidente,&nbsp;por&nbsp;15 frentes electorales y partidos, en 7 de los cuales habr\u00e1 internas para definir qui\u00e9n ser\u00e1 el postulante al sill\u00f3n de Rivadavia. [&hellip;]<\/p>\n","protected":false},"author":4,"featured_media":32841,"comment_status":"closed","ping_status":"closed","sticky":false,"template":"","format":"standard","meta":{"_joinchat":[],"footnotes":""},"categories":[38],"tags":[],"class_list":["post-32840","post","type-post","status-publish","format-standard","has-post-thumbnail","hentry","category-elecciones"],"_links":{"self":[{"href":"https:\/\/www.elpolitologoyelpolitico.com.ar\/wordpress\/wp-json\/wp\/v2\/posts\/32840","targetHints":{"allow":["GET"]}}],"collection":[{"href":"https:\/\/www.elpolitologoyelpolitico.com.ar\/wordpress\/wp-json\/wp\/v2\/posts"}],"about":[{"href":"https:\/\/www.elpolitologoyelpolitico.com.ar\/wordpress\/wp-json\/wp\/v2\/types\/post"}],"author":[{"embeddable":true,"href":"https:\/\/www.elpolitologoyelpolitico.com.ar\/wordpress\/wp-json\/wp\/v2\/users\/4"}],"replies":[{"embeddable":true,"href":"https:\/\/www.elpolitologoyelpolitico.com.ar\/wordpress\/wp-json\/wp\/v2\/comments?post=32840"}],"version-history":[{"count":0,"href":"https:\/\/www.elpolitologoyelpolitico.com.ar\/wordpress\/wp-json\/wp\/v2\/posts\/32840\/revisions"}],"wp:featuredmedia":[{"embeddable":true,"href":"https:\/\/www.elpolitologoyelpolitico.com.ar\/wordpress\/wp-json\/wp\/v2\/media\/32841"}],"wp:attachment":[{"href":"https:\/\/www.elpolitologoyelpolitico.com.ar\/wordpress\/wp-json\/wp\/v2\/media?parent=32840"}],"wp:term":[{"taxonomy":"category","embeddable":true,"href":"https:\/\/www.elpolitologoyelpolitico.com.ar\/wordpress\/wp-json\/wp\/v2\/categories?post=32840"},{"taxonomy":"post_tag","embeddable":true,"href":"https:\/\/www.elpolitologoyelpolitico.com.ar\/wordpress\/wp-json\/wp\/v2\/tags?post=32840"}],"curies":[{"name":"wp","href":"https:\/\/api.w.org\/{rel}","templated":true}]}}