{"id":32836,"date":"2023-07-26T18:01:53","date_gmt":"2023-07-26T18:01:53","guid":{"rendered":"https:\/\/www.elpolitologoyelpolitico.com.ar\/wordpress\/?p=32836"},"modified":"2023-07-26T18:01:55","modified_gmt":"2023-07-26T18:01:55","slug":"clinica-viedma-busca-cubrir-las-residencias-con-graduados-del-comahue","status":"publish","type":"post","link":"https:\/\/www.elpolitologoyelpolitico.com.ar\/wordpress\/2023\/07\/26\/clinica-viedma-busca-cubrir-las-residencias-con-graduados-del-comahue\/","title":{"rendered":"Clinica Viedma busca cubrir las residencias con graduados del Comahue."},"content":{"rendered":"\n<p>Nos complace anunciar que hoy hemos dado inicio a los protocolos de auditor\u00eda en busca de la autorizaci\u00f3n universitaria por parte de la Universidad Nacional del Comahue. Este paso es fundamental para poder llevar a cabo residencias m\u00e9dicas en las \u00e1reas de oncolog\u00eda y cirug\u00eda.<\/p>\n\n\n\n<p>En el d\u00eda de hoy, tuvimos el honor de recibir a importantes autoridades de la Universidad Nacional del Comahue. Contamos con la presencia de Mart\u00edn Regueiro, Vicedecano de la Facultad de Ciencias M\u00e9dicas de la UNCo, Silvia Moreno, a cargo del Departamento de Posgrado, y Alumine Rimaro, a cargo del Departamento de Investigaci\u00f3n. Fue un encuentro muy productivo en el que pudimos brindarles toda la documentaci\u00f3n correspondiente y realizar un recorrido exhaustivo por nuestras instalaciones.<\/p>\n\n\n\n<p>Este proceso de auditor\u00eda es una excelente oportunidad para mostrarles el compromiso de Cl\u00ednica Viedma con la excelencia en la formaci\u00f3n m\u00e9dica. Nuestro objetivo principal es asegurar que los futuros residentes cuenten con el ambiente ideal para desarrollar sus habilidades y adquirir los conocimientos necesarios para su crecimiento profesional.<\/p>\n\n\n\n<p>Gracias al respaldo de la Universidad Nacional del Comahue, podremos ofrecer a nuestros futuros residentes un programa educativo de calidad, en el que se promueva la investigaci\u00f3n, la \u00e9tica y el trato humano en el cuidado de los pacientes. Asimismo, nos enfocaremos en brindarles una experiencia enriquecedora y amplias oportunidades de aprendizaje en los campos de la oncolog\u00eda y la cirug\u00eda.<\/p>\n\n\n\n<p>En Cl\u00ednica Viedma continuaremos trabajando arduamente para cumplir con todos los requisitos establecidos por la Universidad Nacional del Comahue y lograr la autorizaci\u00f3n universitaria.<\/p>\n\n\n\n<p><\/p>\n\n\n\n<figure class=\"wp-block-image size-full\"><img fetchpriority=\"high\" decoding=\"async\" width=\"720\" height=\"345\" src=\"https:\/\/www.elpolitologoyelpolitico.com.ar\/wp-content\/uploads\/2023\/07\/IMG-20230726-WA0021.jpg\" alt=\"\" class=\"wp-image-32838\" srcset=\"https:\/\/www.elpolitologoyelpolitico.com.ar\/wp-content\/uploads\/2023\/07\/IMG-20230726-WA0021.jpg 720w, https:\/\/www.elpolitologoyelpolitico.com.ar\/wp-content\/uploads\/2023\/07\/IMG-20230726-WA0021-300x144.jpg 300w\" sizes=\"(max-width: 720px) 100vw, 720px\" \/><\/figure>\n<div class=\"fb-background-color\">\n\t\t\t  <div \n\t\t\t  \tclass = \"fb-comments\" \n\t\t\t  \tdata-href = \"https:\/\/www.elpolitologoyelpolitico.com.ar\/wordpress\/2023\/07\/26\/clinica-viedma-busca-cubrir-las-residencias-con-graduados-del-comahue\/\"\n\t\t\t  \tdata-numposts = \"10\"\n\t\t\t  \tdata-lazy = \"true\"\n\t\t\t\tdata-colorscheme = \"light\"\n\t\t\t\tdata-order-by = \"social\"\n\t\t\t\tdata-mobile=true>\n\t\t\t  <\/div><\/div>\n\t\t  <style>\n\t\t    .fb-background-color {\n\t\t\t\tbackground: #ffffff !important;\n\t\t\t}\n\t\t\t.fb_iframe_widget_fluid_desktop iframe {\n\t\t\t    width: 100% !important;\n\t\t\t}\n\t\t  <\/style>\n\t\t  ","protected":false},"excerpt":{"rendered":"<p>Nos complace anunciar que hoy hemos dado inicio a los protocolos de auditor\u00eda en busca de la autorizaci\u00f3n universitaria por parte de la Universidad Nacional del Comahue. Este paso es fundamental para poder llevar a cabo residencias m\u00e9dicas en las \u00e1reas de oncolog\u00eda y cirug\u00eda. En el d\u00eda de hoy, tuvimos el honor de recibir [&hellip;]<\/p>\n","protected":false},"author":4,"featured_media":32837,"comment_status":"closed","ping_status":"closed","sticky":false,"template":"","format":"standard","meta":{"_joinchat":[],"footnotes":""},"categories":[39],"tags":[],"class_list":["post-32836","post","type-post","status-publish","format-standard","has-post-thumbnail","hentry","category-en-esta-seccion"],"_links":{"self":[{"href":"https:\/\/www.elpolitologoyelpolitico.com.ar\/wordpress\/wp-json\/wp\/v2\/posts\/32836","targetHints":{"allow":["GET"]}}],"collection":[{"href":"https:\/\/www.elpolitologoyelpolitico.com.ar\/wordpress\/wp-json\/wp\/v2\/posts"}],"about":[{"href":"https:\/\/www.elpolitologoyelpolitico.com.ar\/wordpress\/wp-json\/wp\/v2\/types\/post"}],"author":[{"embeddable":true,"href":"https:\/\/www.elpolitologoyelpolitico.com.ar\/wordpress\/wp-json\/wp\/v2\/users\/4"}],"replies":[{"embeddable":true,"href":"https:\/\/www.elpolitologoyelpolitico.com.ar\/wordpress\/wp-json\/wp\/v2\/comments?post=32836"}],"version-history":[{"count":0,"href":"https:\/\/www.elpolitologoyelpolitico.com.ar\/wordpress\/wp-json\/wp\/v2\/posts\/32836\/revisions"}],"wp:featuredmedia":[{"embeddable":true,"href":"https:\/\/www.elpolitologoyelpolitico.com.ar\/wordpress\/wp-json\/wp\/v2\/media\/32837"}],"wp:attachment":[{"href":"https:\/\/www.elpolitologoyelpolitico.com.ar\/wordpress\/wp-json\/wp\/v2\/media?parent=32836"}],"wp:term":[{"taxonomy":"category","embeddable":true,"href":"https:\/\/www.elpolitologoyelpolitico.com.ar\/wordpress\/wp-json\/wp\/v2\/categories?post=32836"},{"taxonomy":"post_tag","embeddable":true,"href":"https:\/\/www.elpolitologoyelpolitico.com.ar\/wordpress\/wp-json\/wp\/v2\/tags?post=32836"}],"curies":[{"name":"wp","href":"https:\/\/api.w.org\/{rel}","templated":true}]}}