{"id":32832,"date":"2023-07-26T17:43:45","date_gmt":"2023-07-26T17:43:45","guid":{"rendered":"https:\/\/www.elpolitologoyelpolitico.com.ar\/wordpress\/?p=32832"},"modified":"2023-07-26T17:43:46","modified_gmt":"2023-07-26T17:43:46","slug":"se-vienen-los-cuartos-de-final-en-el-futbol-barrial-de-patagones","status":"publish","type":"post","link":"https:\/\/www.elpolitologoyelpolitico.com.ar\/wordpress\/2023\/07\/26\/se-vienen-los-cuartos-de-final-en-el-futbol-barrial-de-patagones\/","title":{"rendered":"Se vienen los cuartos de final en el F\u00fatbol Barrial de Patagones"},"content":{"rendered":"\n<p>La Asociaci\u00f3n de Clubes barriales de f\u00fatbol de Patagones di\u00f3 a conocer la programaci\u00f3n para este fin de semana.<\/p>\n\n\n\n<p>El s\u00e1bado se juegan los cuartos de Final del Apertura en Segunda y Primera Divisi\u00f3n. Todos los partidos de segunda inician a las 14 horas y los partidos de Primera a las 16 horas (en caso que no hayan penales en segunda divisi\u00f3n).<\/p>\n\n\n\n<p>Por otra parte, el Domingo comienza la primera fecha del Torneo Clausura en Vereranos.<\/p>\n\n\n\n<p>A continuaci\u00f3n la programaci\u00f3n completa;<\/p>\n\n\n\n<figure class=\"wp-block-image size-full\"><img fetchpriority=\"high\" decoding=\"async\" width=\"720\" height=\"706\" src=\"https:\/\/www.elpolitologoyelpolitico.com.ar\/wp-content\/uploads\/2023\/07\/IMG-20230726-WA0019.jpg\" alt=\"\" class=\"wp-image-32834\" srcset=\"https:\/\/www.elpolitologoyelpolitico.com.ar\/wp-content\/uploads\/2023\/07\/IMG-20230726-WA0019.jpg 720w, https:\/\/www.elpolitologoyelpolitico.com.ar\/wp-content\/uploads\/2023\/07\/IMG-20230726-WA0019-300x294.jpg 300w\" sizes=\"(max-width: 720px) 100vw, 720px\" \/><\/figure>\n<div class=\"fb-background-color\">\n\t\t\t  <div \n\t\t\t  \tclass = \"fb-comments\" \n\t\t\t  \tdata-href = \"https:\/\/www.elpolitologoyelpolitico.com.ar\/wordpress\/2023\/07\/26\/se-vienen-los-cuartos-de-final-en-el-futbol-barrial-de-patagones\/\"\n\t\t\t  \tdata-numposts = \"10\"\n\t\t\t  \tdata-lazy = \"true\"\n\t\t\t\tdata-colorscheme = \"light\"\n\t\t\t\tdata-order-by = \"social\"\n\t\t\t\tdata-mobile=true>\n\t\t\t  <\/div><\/div>\n\t\t  <style>\n\t\t    .fb-background-color {\n\t\t\t\tbackground: #ffffff !important;\n\t\t\t}\n\t\t\t.fb_iframe_widget_fluid_desktop iframe {\n\t\t\t    width: 100% !important;\n\t\t\t}\n\t\t  <\/style>\n\t\t  ","protected":false},"excerpt":{"rendered":"<p>La Asociaci\u00f3n de Clubes barriales de f\u00fatbol de Patagones di\u00f3 a conocer la programaci\u00f3n para este fin de semana. El s\u00e1bado se juegan los cuartos de Final del Apertura en Segunda y Primera Divisi\u00f3n. Todos los partidos de segunda inician a las 14 horas y los partidos de Primera a las 16 horas (en caso [&hellip;]<\/p>\n","protected":false},"author":4,"featured_media":32833,"comment_status":"closed","ping_status":"closed","sticky":false,"template":"","format":"standard","meta":{"_joinchat":[],"footnotes":""},"categories":[39],"tags":[],"class_list":["post-32832","post","type-post","status-publish","format-standard","has-post-thumbnail","hentry","category-en-esta-seccion"],"_links":{"self":[{"href":"https:\/\/www.elpolitologoyelpolitico.com.ar\/wordpress\/wp-json\/wp\/v2\/posts\/32832","targetHints":{"allow":["GET"]}}],"collection":[{"href":"https:\/\/www.elpolitologoyelpolitico.com.ar\/wordpress\/wp-json\/wp\/v2\/posts"}],"about":[{"href":"https:\/\/www.elpolitologoyelpolitico.com.ar\/wordpress\/wp-json\/wp\/v2\/types\/post"}],"author":[{"embeddable":true,"href":"https:\/\/www.elpolitologoyelpolitico.com.ar\/wordpress\/wp-json\/wp\/v2\/users\/4"}],"replies":[{"embeddable":true,"href":"https:\/\/www.elpolitologoyelpolitico.com.ar\/wordpress\/wp-json\/wp\/v2\/comments?post=32832"}],"version-history":[{"count":0,"href":"https:\/\/www.elpolitologoyelpolitico.com.ar\/wordpress\/wp-json\/wp\/v2\/posts\/32832\/revisions"}],"wp:featuredmedia":[{"embeddable":true,"href":"https:\/\/www.elpolitologoyelpolitico.com.ar\/wordpress\/wp-json\/wp\/v2\/media\/32833"}],"wp:attachment":[{"href":"https:\/\/www.elpolitologoyelpolitico.com.ar\/wordpress\/wp-json\/wp\/v2\/media?parent=32832"}],"wp:term":[{"taxonomy":"category","embeddable":true,"href":"https:\/\/www.elpolitologoyelpolitico.com.ar\/wordpress\/wp-json\/wp\/v2\/categories?post=32832"},{"taxonomy":"post_tag","embeddable":true,"href":"https:\/\/www.elpolitologoyelpolitico.com.ar\/wordpress\/wp-json\/wp\/v2\/tags?post=32832"}],"curies":[{"name":"wp","href":"https:\/\/api.w.org\/{rel}","templated":true}]}}