{"id":3283,"date":"2021-05-20T18:11:00","date_gmt":"2021-05-20T18:11:00","guid":{"rendered":"https:\/\/www.elpolitologoyelpolitico.com.ar\/wordpress\/?p=3283"},"modified":"2021-05-26T18:07:35","modified_gmt":"2021-05-26T18:07:35","slug":"las-restricciones-afectan-al-comercio-y-a-toda-la-economia","status":"publish","type":"post","link":"https:\/\/www.elpolitologoyelpolitico.com.ar\/wordpress\/2021\/05\/20\/las-restricciones-afectan-al-comercio-y-a-toda-la-economia\/","title":{"rendered":"\u201cLas restricciones afectan al comercio y a toda la econom\u00eda\u201d"},"content":{"rendered":"\n<p>Fabio Bettinelli, Jefe de Gabinete de Patagones, expres\u00f3 su preocupaci\u00f3n ante el aumento abrupto de los casos positivos de Covid-19 en los \u00faltimos d\u00edas.<\/p>\n\n\n\n<p>El funcionario manifest\u00f3 \u201cParte de la poblaci\u00f3n a\u00fan no es consciente de tomar las medidas requeridas por los protocolos sanitarios\u201d y agreg\u00f3 \u00abLa situaci\u00f3n de Praderes nos preocupa bastante, tiene 40 casos positivos activos, si bien no ha aumentado el n\u00famero es preocupante que se mantenga\u00bb<\/p>\n\n\n\n<p>Por otra parte, destac\u00f3 que con las nuevas restricciones dadas por el pase a fase 3 en el Partido, el impacto de las medidas comienza a afectar a todos los sectores.<\/p>\n\n\n\n<p>\u00abLas restricciones afectan al comercio y a toda la econom\u00eda\u201d y a\u00f1adi\u00f3 \u201cEn cuanto a las escuelas todav\u00eda contin\u00faan de manera presencial, por burbujas aunque muchas personas se tuvieron que aislar\u00bb.<\/p>\n\n\n\n<p>Con respecto a la Sesi\u00f3n del Concejo Deliberante llevada a cabo en Villalonga, manifest\u00f3 \u00abEl momento fue muy emotivo, hoy una de las calles de Villalonga va a recibir el nombre de un ex combatiente de malvinas Omar Lacaze y para nosotros es un h\u00e9roe\u00bb.<\/p>\n\n\n\n<p>Por otra parte, destac\u00f3 el trabajo del intendente Jos\u00e9 Zara durante su Gesti\u00f3n y mencion\u00f3 las obras que se vienen llevando a cabo en Patagones y las nuevas licitaciones para el Partido, entre estas la refaccion y ampliacion de la unidad sanitaria en Bah\u00eda San Blas.<\/p>\n<div class=\"fb-background-color\">\n\t\t\t  <div \n\t\t\t  \tclass = \"fb-comments\" \n\t\t\t  \tdata-href = \"https:\/\/www.elpolitologoyelpolitico.com.ar\/wordpress\/2021\/05\/20\/las-restricciones-afectan-al-comercio-y-a-toda-la-economia\/\"\n\t\t\t  \tdata-numposts = \"10\"\n\t\t\t  \tdata-lazy = \"true\"\n\t\t\t\tdata-colorscheme = \"light\"\n\t\t\t\tdata-order-by = \"social\"\n\t\t\t\tdata-mobile=true>\n\t\t\t  <\/div><\/div>\n\t\t  <style>\n\t\t    .fb-background-color {\n\t\t\t\tbackground: #ffffff !important;\n\t\t\t}\n\t\t\t.fb_iframe_widget_fluid_desktop iframe {\n\t\t\t    width: 100% !important;\n\t\t\t}\n\t\t  <\/style>\n\t\t  ","protected":false},"excerpt":{"rendered":"<p>Fabio Bettinelli, Jefe de Gabinete de Patagones, expres\u00f3 su preocupaci\u00f3n ante el aumento abrupto de los casos positivos de Covid-19 en los \u00faltimos d\u00edas. El funcionario manifest\u00f3 \u201cParte de la poblaci\u00f3n a\u00fan no es consciente de tomar las medidas requeridas por los protocolos sanitarios\u201d y agreg\u00f3 \u00abLa situaci\u00f3n de Praderes nos preocupa bastante, tiene 40 [&hellip;]<\/p>\n","protected":false},"author":4,"featured_media":3181,"comment_status":"closed","ping_status":"closed","sticky":false,"template":"","format":"standard","meta":{"_joinchat":[],"footnotes":""},"categories":[21],"tags":[],"class_list":["post-3283","post","type-post","status-publish","format-standard","has-post-thumbnail","hentry","category-actores-politicos"],"_links":{"self":[{"href":"https:\/\/www.elpolitologoyelpolitico.com.ar\/wordpress\/wp-json\/wp\/v2\/posts\/3283","targetHints":{"allow":["GET"]}}],"collection":[{"href":"https:\/\/www.elpolitologoyelpolitico.com.ar\/wordpress\/wp-json\/wp\/v2\/posts"}],"about":[{"href":"https:\/\/www.elpolitologoyelpolitico.com.ar\/wordpress\/wp-json\/wp\/v2\/types\/post"}],"author":[{"embeddable":true,"href":"https:\/\/www.elpolitologoyelpolitico.com.ar\/wordpress\/wp-json\/wp\/v2\/users\/4"}],"replies":[{"embeddable":true,"href":"https:\/\/www.elpolitologoyelpolitico.com.ar\/wordpress\/wp-json\/wp\/v2\/comments?post=3283"}],"version-history":[{"count":0,"href":"https:\/\/www.elpolitologoyelpolitico.com.ar\/wordpress\/wp-json\/wp\/v2\/posts\/3283\/revisions"}],"wp:featuredmedia":[{"embeddable":true,"href":"https:\/\/www.elpolitologoyelpolitico.com.ar\/wordpress\/wp-json\/wp\/v2\/media\/3181"}],"wp:attachment":[{"href":"https:\/\/www.elpolitologoyelpolitico.com.ar\/wordpress\/wp-json\/wp\/v2\/media?parent=3283"}],"wp:term":[{"taxonomy":"category","embeddable":true,"href":"https:\/\/www.elpolitologoyelpolitico.com.ar\/wordpress\/wp-json\/wp\/v2\/categories?post=3283"},{"taxonomy":"post_tag","embeddable":true,"href":"https:\/\/www.elpolitologoyelpolitico.com.ar\/wordpress\/wp-json\/wp\/v2\/tags?post=3283"}],"curies":[{"name":"wp","href":"https:\/\/api.w.org\/{rel}","templated":true}]}}