{"id":32825,"date":"2023-07-26T16:48:48","date_gmt":"2023-07-26T16:48:48","guid":{"rendered":"https:\/\/www.elpolitologoyelpolitico.com.ar\/wordpress\/?p=32825"},"modified":"2023-07-26T16:48:49","modified_gmt":"2023-07-26T16:48:49","slug":"rio-negro-recupero-elementos-de-patrimonio-arqueologico","status":"publish","type":"post","link":"https:\/\/www.elpolitologoyelpolitico.com.ar\/wordpress\/2023\/07\/26\/rio-negro-recupero-elementos-de-patrimonio-arqueologico\/","title":{"rendered":"R\u00edo Negro recuper\u00f3 elementos de patrimonio arqueol\u00f3gico"},"content":{"rendered":"\n<p>En cumplimiento de la Ley Provincial 3041 de preservaci\u00f3n y protecci\u00f3n del patrimonio paleontol\u00f3gico y arqueol\u00f3gico, organismos de seguridad realizaron un allanamiento en un domicilio de la ciudad de San Carlos de Bariloche, donde secuestraron puntas de flechas de pueblos originarios.<\/p>\n\n\n\n<p>El allanamiento se realiz\u00f3 por una denuncia de comercializaci\u00f3n de elementos de patrimonio arqueol\u00f3gico en esa localidad, y es el resultado de tareas investigativas realizadas por la Unidad de Investigaciones de Delitos Complejos y Procedimientos Judiciales \u201cBariloche\u201d, de Gendarmer\u00eda Nacional&nbsp; y con conocimiento de la Fiscal\u00eda Federal de la ciudad.<\/p>\n\n\n\n<p>Las autoridades nacionales dieron aviso a la Secretar\u00eda de Estado de Cultura de R\u00edo Negro, por tratarse de una infracci\u00f3n a la Ley Provincial 3041 de protecci\u00f3n y conservaci\u00f3n del patrimonio paleontol\u00f3gico y arqueol\u00f3gico, en concordancia con la Ley Nacional 25.743.<\/p>\n\n\n\n<p>Al tomar conocimiento de los hechos, la Secretar\u00eda puso a disposici\u00f3n un equipo t\u00e9cnico, compuesto por arque\u00f3logos y paleont\u00f3logos, para la identificaci\u00f3n de las piezas.<\/p>\n\n\n\n<p>En el lugar se secuestraron 10 puntas de proyectil arqueol\u00f3gico, que fueron trasladados al Museo de la Patagonia \u201cFrancisco Moreno\u201d de la ciudad de San Carlos de Bariloche, donde permanecer\u00e1n en resguardo a disposici\u00f3n de la fiscal\u00eda interviniente.<\/p>\n\n\n\n<p>L\u00ednea de denuncias para proteger el patrimonio arqueol\u00f3gico provincial<br>R\u00edo Negro mantiene vigente el n\u00famero telef\u00f3nico de emergencias 911, donde se pueden formular denuncias por tr\u00e1fico, da\u00f1os o hallazgos de material arqueol\u00f3gico y paleontol\u00f3gico dentro de la provincia.<\/p>\n<div class=\"fb-background-color\">\n\t\t\t  <div \n\t\t\t  \tclass = \"fb-comments\" \n\t\t\t  \tdata-href = \"https:\/\/www.elpolitologoyelpolitico.com.ar\/wordpress\/2023\/07\/26\/rio-negro-recupero-elementos-de-patrimonio-arqueologico\/\"\n\t\t\t  \tdata-numposts = \"10\"\n\t\t\t  \tdata-lazy = \"true\"\n\t\t\t\tdata-colorscheme = \"light\"\n\t\t\t\tdata-order-by = \"social\"\n\t\t\t\tdata-mobile=true>\n\t\t\t  <\/div><\/div>\n\t\t  <style>\n\t\t    .fb-background-color {\n\t\t\t\tbackground: #ffffff !important;\n\t\t\t}\n\t\t\t.fb_iframe_widget_fluid_desktop iframe {\n\t\t\t    width: 100% !important;\n\t\t\t}\n\t\t  <\/style>\n\t\t  ","protected":false},"excerpt":{"rendered":"<p>En cumplimiento de la Ley Provincial 3041 de preservaci\u00f3n y protecci\u00f3n del patrimonio paleontol\u00f3gico y arqueol\u00f3gico, organismos de seguridad realizaron un allanamiento en un domicilio de la ciudad de San Carlos de Bariloche, donde secuestraron puntas de flechas de pueblos originarios. El allanamiento se realiz\u00f3 por una denuncia de comercializaci\u00f3n de elementos de patrimonio arqueol\u00f3gico [&hellip;]<\/p>\n","protected":false},"author":4,"featured_media":32826,"comment_status":"closed","ping_status":"closed","sticky":false,"template":"","format":"standard","meta":{"_joinchat":[],"footnotes":""},"categories":[39],"tags":[],"class_list":["post-32825","post","type-post","status-publish","format-standard","has-post-thumbnail","hentry","category-en-esta-seccion"],"_links":{"self":[{"href":"https:\/\/www.elpolitologoyelpolitico.com.ar\/wordpress\/wp-json\/wp\/v2\/posts\/32825","targetHints":{"allow":["GET"]}}],"collection":[{"href":"https:\/\/www.elpolitologoyelpolitico.com.ar\/wordpress\/wp-json\/wp\/v2\/posts"}],"about":[{"href":"https:\/\/www.elpolitologoyelpolitico.com.ar\/wordpress\/wp-json\/wp\/v2\/types\/post"}],"author":[{"embeddable":true,"href":"https:\/\/www.elpolitologoyelpolitico.com.ar\/wordpress\/wp-json\/wp\/v2\/users\/4"}],"replies":[{"embeddable":true,"href":"https:\/\/www.elpolitologoyelpolitico.com.ar\/wordpress\/wp-json\/wp\/v2\/comments?post=32825"}],"version-history":[{"count":0,"href":"https:\/\/www.elpolitologoyelpolitico.com.ar\/wordpress\/wp-json\/wp\/v2\/posts\/32825\/revisions"}],"wp:featuredmedia":[{"embeddable":true,"href":"https:\/\/www.elpolitologoyelpolitico.com.ar\/wordpress\/wp-json\/wp\/v2\/media\/32826"}],"wp:attachment":[{"href":"https:\/\/www.elpolitologoyelpolitico.com.ar\/wordpress\/wp-json\/wp\/v2\/media?parent=32825"}],"wp:term":[{"taxonomy":"category","embeddable":true,"href":"https:\/\/www.elpolitologoyelpolitico.com.ar\/wordpress\/wp-json\/wp\/v2\/categories?post=32825"},{"taxonomy":"post_tag","embeddable":true,"href":"https:\/\/www.elpolitologoyelpolitico.com.ar\/wordpress\/wp-json\/wp\/v2\/tags?post=32825"}],"curies":[{"name":"wp","href":"https:\/\/api.w.org\/{rel}","templated":true}]}}