{"id":32819,"date":"2023-07-26T16:21:35","date_gmt":"2023-07-26T16:21:35","guid":{"rendered":"https:\/\/www.elpolitologoyelpolitico.com.ar\/wordpress\/?p=32819"},"modified":"2023-07-26T16:21:36","modified_gmt":"2023-07-26T16:21:36","slug":"javier-reyes-estara-en-patagones-y-analizaran-el-problema-del-agua","status":"publish","type":"post","link":"https:\/\/www.elpolitologoyelpolitico.com.ar\/wordpress\/2023\/07\/26\/javier-reyes-estara-en-patagones-y-analizaran-el-problema-del-agua\/","title":{"rendered":"Javier Reyes estar\u00e1 en Patagones y analizar\u00e1n el problema del agua"},"content":{"rendered":"\n<p>El Licenciado Javier Reyes, representante de la Provincia de Buenos Aires ante la Autoridad Interjurisdiccional de Cuencas, estar\u00e1 hoy en Carmen de Patagones y se reunir\u00e1 con Concejales y la nueva Comisi\u00f3n de Asuntos H\u00eddricos del Partido de Patagones.<\/p>\n\n\n\n<p>Reyes hab\u00eda sido convocado mediante Resoluci\u00f3n 4483, aprobada por unanimidad de Ediles en la 8\u00ba Sesi\u00f3n Ordinaria, del d\u00eda 26 de junio pasado, debido a que se acerca la finalizaci\u00f3n de los contratos de concesi\u00f3n de las centrales hidroel\u00e9ctricas que operan en la cuenca de los r\u00edos Limay, Neuqu\u00e9n y Negro que llevan 30 a\u00f1os operando. La Autoridad Interjurisdiccional de Cuencas es quien cuenta con las atribuciones que les confiere el art\u00edculo 5 \u00b0 de su Estatuto para intervenir sobre la conveniencia o no del otorgamiento de concesiones y permisos para navegaci\u00f3n.<\/p>\n\n\n\n<p>Reyes mantendr\u00e1 un encuentro con los Concejales del HCD Patagones a las 14 horas, en el Recinto de Sesiones, 15.00 horas con el Intendente Municipal y 16.00 horas con Comisi\u00f3n de Asuntos H\u00eddricos del Partido de Patagones. El Representante de AIC, fue convocado para que transmita a los ediles cu\u00e1l es la postura en la defensa de los Derechos e Intereses de los bonaerenses sobre los recursos h\u00eddricos que se encuentran bajo su \u00f3rbita por la representaci\u00f3n que ejerce. El manejo y administraci\u00f3n de los recursos h\u00eddricos estrat\u00e9gicos puede modificar el desarrollo socioecon\u00f3mico de nuestra regi\u00f3n y de no intervenir r\u00e1pidamente se podr\u00eda ver hipotecado el futuro del distrito de Patagones y del Suroeste de la Provincia de Buenos Aires.<\/p>\n<div class=\"fb-background-color\">\n\t\t\t  <div \n\t\t\t  \tclass = \"fb-comments\" \n\t\t\t  \tdata-href = \"https:\/\/www.elpolitologoyelpolitico.com.ar\/wordpress\/2023\/07\/26\/javier-reyes-estara-en-patagones-y-analizaran-el-problema-del-agua\/\"\n\t\t\t  \tdata-numposts = \"10\"\n\t\t\t  \tdata-lazy = \"true\"\n\t\t\t\tdata-colorscheme = \"light\"\n\t\t\t\tdata-order-by = \"social\"\n\t\t\t\tdata-mobile=true>\n\t\t\t  <\/div><\/div>\n\t\t  <style>\n\t\t    .fb-background-color {\n\t\t\t\tbackground: #ffffff !important;\n\t\t\t}\n\t\t\t.fb_iframe_widget_fluid_desktop iframe {\n\t\t\t    width: 100% !important;\n\t\t\t}\n\t\t  <\/style>\n\t\t  ","protected":false},"excerpt":{"rendered":"<p>El Licenciado Javier Reyes, representante de la Provincia de Buenos Aires ante la Autoridad Interjurisdiccional de Cuencas, estar\u00e1 hoy en Carmen de Patagones y se reunir\u00e1 con Concejales y la nueva Comisi\u00f3n de Asuntos H\u00eddricos del Partido de Patagones. Reyes hab\u00eda sido convocado mediante Resoluci\u00f3n 4483, aprobada por unanimidad de Ediles en la 8\u00ba Sesi\u00f3n [&hellip;]<\/p>\n","protected":false},"author":4,"featured_media":32820,"comment_status":"closed","ping_status":"closed","sticky":false,"template":"","format":"standard","meta":{"_joinchat":[],"footnotes":""},"categories":[39],"tags":[],"class_list":["post-32819","post","type-post","status-publish","format-standard","has-post-thumbnail","hentry","category-en-esta-seccion"],"_links":{"self":[{"href":"https:\/\/www.elpolitologoyelpolitico.com.ar\/wordpress\/wp-json\/wp\/v2\/posts\/32819","targetHints":{"allow":["GET"]}}],"collection":[{"href":"https:\/\/www.elpolitologoyelpolitico.com.ar\/wordpress\/wp-json\/wp\/v2\/posts"}],"about":[{"href":"https:\/\/www.elpolitologoyelpolitico.com.ar\/wordpress\/wp-json\/wp\/v2\/types\/post"}],"author":[{"embeddable":true,"href":"https:\/\/www.elpolitologoyelpolitico.com.ar\/wordpress\/wp-json\/wp\/v2\/users\/4"}],"replies":[{"embeddable":true,"href":"https:\/\/www.elpolitologoyelpolitico.com.ar\/wordpress\/wp-json\/wp\/v2\/comments?post=32819"}],"version-history":[{"count":0,"href":"https:\/\/www.elpolitologoyelpolitico.com.ar\/wordpress\/wp-json\/wp\/v2\/posts\/32819\/revisions"}],"wp:featuredmedia":[{"embeddable":true,"href":"https:\/\/www.elpolitologoyelpolitico.com.ar\/wordpress\/wp-json\/wp\/v2\/media\/32820"}],"wp:attachment":[{"href":"https:\/\/www.elpolitologoyelpolitico.com.ar\/wordpress\/wp-json\/wp\/v2\/media?parent=32819"}],"wp:term":[{"taxonomy":"category","embeddable":true,"href":"https:\/\/www.elpolitologoyelpolitico.com.ar\/wordpress\/wp-json\/wp\/v2\/categories?post=32819"},{"taxonomy":"post_tag","embeddable":true,"href":"https:\/\/www.elpolitologoyelpolitico.com.ar\/wordpress\/wp-json\/wp\/v2\/tags?post=32819"}],"curies":[{"name":"wp","href":"https:\/\/api.w.org\/{rel}","templated":true}]}}