{"id":32795,"date":"2023-07-25T22:46:29","date_gmt":"2023-07-25T22:46:29","guid":{"rendered":"https:\/\/www.elpolitologoyelpolitico.com.ar\/wordpress\/?p=32795"},"modified":"2023-07-25T22:46:31","modified_gmt":"2023-07-25T22:46:31","slug":"el-ipap-invita-a-agentes-municipales-a-inscribirse-al-curso-de-ley-micaela","status":"publish","type":"post","link":"https:\/\/www.elpolitologoyelpolitico.com.ar\/wordpress\/2023\/07\/25\/el-ipap-invita-a-agentes-municipales-a-inscribirse-al-curso-de-ley-micaela\/","title":{"rendered":"El IPAP invita a agentes municipales a inscribirse al curso de Ley Micaela"},"content":{"rendered":"\n<p>El Instituto Provincial de la Administraci\u00f3n&nbsp;P\u00fablica de Rio Negro&nbsp;(IPAP)&nbsp;en&nbsp; conjunto con la Secretar\u00eda de Pol\u00edticas de G\u00e9nero y Diversidad Sexual de la Provincia, invita a los agentes municipales rionegrinos\/as a inscribirse en el trayecto introductorio de&nbsp;Ley Micaela.<\/p>\n\n\n\n<p>Las inscripciones se realizar\u00e1n desde el d\u00eda&nbsp;17 al 28&nbsp;de julio&nbsp;mediante formulario digital, mientras que la capacitaci\u00f3n se desarrollar\u00e1 desde 1 de agosto al 30 de noviembre del corriente a\u00f1o, a trav\u00e9s de la Plataforma de&nbsp;Capacitaci\u00f3n&nbsp;virtual de IPAP, en modalidad autogestionada.<\/p>\n\n\n\n<p>Ingresar al formulario<br>https:\/\/docs.google.com\/forms\/d\/1z40FkrRTdBYQga2ADTKtAXHhSABnO_fGsZXXYOyde1A\/viewform?pli=1&amp;pli=1&amp;edit_requested=true<\/p>\n<div class=\"fb-background-color\">\n\t\t\t  <div \n\t\t\t  \tclass = \"fb-comments\" \n\t\t\t  \tdata-href = \"https:\/\/www.elpolitologoyelpolitico.com.ar\/wordpress\/2023\/07\/25\/el-ipap-invita-a-agentes-municipales-a-inscribirse-al-curso-de-ley-micaela\/\"\n\t\t\t  \tdata-numposts = \"10\"\n\t\t\t  \tdata-lazy = \"true\"\n\t\t\t\tdata-colorscheme = \"light\"\n\t\t\t\tdata-order-by = \"social\"\n\t\t\t\tdata-mobile=true>\n\t\t\t  <\/div><\/div>\n\t\t  <style>\n\t\t    .fb-background-color {\n\t\t\t\tbackground: #ffffff !important;\n\t\t\t}\n\t\t\t.fb_iframe_widget_fluid_desktop iframe {\n\t\t\t    width: 100% !important;\n\t\t\t}\n\t\t  <\/style>\n\t\t  ","protected":false},"excerpt":{"rendered":"<p>El Instituto Provincial de la Administraci\u00f3n&nbsp;P\u00fablica de Rio Negro&nbsp;(IPAP)&nbsp;en&nbsp; conjunto con la Secretar\u00eda de Pol\u00edticas de G\u00e9nero y Diversidad Sexual de la Provincia, invita a los agentes municipales rionegrinos\/as a inscribirse en el trayecto introductorio de&nbsp;Ley Micaela. Las inscripciones se realizar\u00e1n desde el d\u00eda&nbsp;17 al 28&nbsp;de julio&nbsp;mediante formulario digital, mientras que la capacitaci\u00f3n se desarrollar\u00e1 [&hellip;]<\/p>\n","protected":false},"author":4,"featured_media":32796,"comment_status":"closed","ping_status":"closed","sticky":false,"template":"","format":"standard","meta":{"_joinchat":[],"footnotes":""},"categories":[39],"tags":[],"class_list":["post-32795","post","type-post","status-publish","format-standard","has-post-thumbnail","hentry","category-en-esta-seccion"],"_links":{"self":[{"href":"https:\/\/www.elpolitologoyelpolitico.com.ar\/wordpress\/wp-json\/wp\/v2\/posts\/32795","targetHints":{"allow":["GET"]}}],"collection":[{"href":"https:\/\/www.elpolitologoyelpolitico.com.ar\/wordpress\/wp-json\/wp\/v2\/posts"}],"about":[{"href":"https:\/\/www.elpolitologoyelpolitico.com.ar\/wordpress\/wp-json\/wp\/v2\/types\/post"}],"author":[{"embeddable":true,"href":"https:\/\/www.elpolitologoyelpolitico.com.ar\/wordpress\/wp-json\/wp\/v2\/users\/4"}],"replies":[{"embeddable":true,"href":"https:\/\/www.elpolitologoyelpolitico.com.ar\/wordpress\/wp-json\/wp\/v2\/comments?post=32795"}],"version-history":[{"count":0,"href":"https:\/\/www.elpolitologoyelpolitico.com.ar\/wordpress\/wp-json\/wp\/v2\/posts\/32795\/revisions"}],"wp:featuredmedia":[{"embeddable":true,"href":"https:\/\/www.elpolitologoyelpolitico.com.ar\/wordpress\/wp-json\/wp\/v2\/media\/32796"}],"wp:attachment":[{"href":"https:\/\/www.elpolitologoyelpolitico.com.ar\/wordpress\/wp-json\/wp\/v2\/media?parent=32795"}],"wp:term":[{"taxonomy":"category","embeddable":true,"href":"https:\/\/www.elpolitologoyelpolitico.com.ar\/wordpress\/wp-json\/wp\/v2\/categories?post=32795"},{"taxonomy":"post_tag","embeddable":true,"href":"https:\/\/www.elpolitologoyelpolitico.com.ar\/wordpress\/wp-json\/wp\/v2\/tags?post=32795"}],"curies":[{"name":"wp","href":"https:\/\/api.w.org\/{rel}","templated":true}]}}