{"id":32792,"date":"2023-07-25T22:27:19","date_gmt":"2023-07-25T22:27:19","guid":{"rendered":"https:\/\/www.elpolitologoyelpolitico.com.ar\/wordpress\/?p=32792"},"modified":"2023-07-25T22:27:21","modified_gmt":"2023-07-25T22:27:21","slug":"inscripciones-abiertas-para-participar-de-los-interreparticiones-viedma-juega-2023","status":"publish","type":"post","link":"https:\/\/www.elpolitologoyelpolitico.com.ar\/wordpress\/2023\/07\/25\/inscripciones-abiertas-para-participar-de-los-interreparticiones-viedma-juega-2023\/","title":{"rendered":"Inscripciones abiertas para participar de los interreparticiones \u00abViedma Juega 2023\u00bb"},"content":{"rendered":"\n<p>Hasta el 20 de agosto el gobierno de Viedma abre las inscripciones para participar del programa municipal Viedma Juega, que re\u00fane a empleados p\u00fablicos de diversas reparticiones.<\/p>\n\n\n\n<p>La convocatoria est\u00e1 abierta a organismos p\u00fablicos de la administraci\u00f3n municipal, provincial y nacional, como tambi\u00e9n los organismos descentralizados o aut\u00e1rquicos y las empresas mixtas de participaci\u00f3n estatal.<\/p>\n\n\n\n<p>Las inscripciones se realizan v\u00eda e-mail inter2023viedma@gmail.com desde all\u00ed podr\u00e1n contactarse y se les enviar\u00e1 los requisitos.<\/p>\n\n\n\n<p>En esta oportunidad podr\u00e1n anotarse para las disciplinas de Futsal masculino y femenino,<br>V\u00f3ley femenino, masculino y mixto, Beach v\u00f3ley, cu\u00e1druplas mixta, Newcom (m\u00e1s 50)<br>B\u00e1squet femenino y masculino, Truco libre, Pesca libre, Tejo libre, Duatl\u00f3n mixto,Tenis de mesa, Handball femenino y masculino<br>Viedma Juega ofrece una gran variedad de deportes para los trabajadores que desarrollan sus actividades en nuestra ciudad. La modalidad es por categor\u00eda, en algunos casos por g\u00e9nero y en otros mixtos.<\/p>\n\n\n\n<p>La Secretar\u00eda de Turismo, Cultura y Deportes a trav\u00e9s de la Subsecretar\u00eda de Deportes, promueve la integraci\u00f3n de los vecinos de Viedma, fomentando las pr\u00e1cticas recreativas grupales.<\/p>\n<div class=\"fb-background-color\">\n\t\t\t  <div \n\t\t\t  \tclass = \"fb-comments\" \n\t\t\t  \tdata-href = \"https:\/\/www.elpolitologoyelpolitico.com.ar\/wordpress\/2023\/07\/25\/inscripciones-abiertas-para-participar-de-los-interreparticiones-viedma-juega-2023\/\"\n\t\t\t  \tdata-numposts = \"10\"\n\t\t\t  \tdata-lazy = \"true\"\n\t\t\t\tdata-colorscheme = \"light\"\n\t\t\t\tdata-order-by = \"social\"\n\t\t\t\tdata-mobile=true>\n\t\t\t  <\/div><\/div>\n\t\t  <style>\n\t\t    .fb-background-color {\n\t\t\t\tbackground: #ffffff !important;\n\t\t\t}\n\t\t\t.fb_iframe_widget_fluid_desktop iframe {\n\t\t\t    width: 100% !important;\n\t\t\t}\n\t\t  <\/style>\n\t\t  ","protected":false},"excerpt":{"rendered":"<p>Hasta el 20 de agosto el gobierno de Viedma abre las inscripciones para participar del programa municipal Viedma Juega, que re\u00fane a empleados p\u00fablicos de diversas reparticiones. La convocatoria est\u00e1 abierta a organismos p\u00fablicos de la administraci\u00f3n municipal, provincial y nacional, como tambi\u00e9n los organismos descentralizados o aut\u00e1rquicos y las empresas mixtas de participaci\u00f3n estatal. [&hellip;]<\/p>\n","protected":false},"author":4,"featured_media":32793,"comment_status":"closed","ping_status":"closed","sticky":false,"template":"","format":"standard","meta":{"_joinchat":[],"footnotes":""},"categories":[39],"tags":[],"class_list":["post-32792","post","type-post","status-publish","format-standard","has-post-thumbnail","hentry","category-en-esta-seccion"],"_links":{"self":[{"href":"https:\/\/www.elpolitologoyelpolitico.com.ar\/wordpress\/wp-json\/wp\/v2\/posts\/32792","targetHints":{"allow":["GET"]}}],"collection":[{"href":"https:\/\/www.elpolitologoyelpolitico.com.ar\/wordpress\/wp-json\/wp\/v2\/posts"}],"about":[{"href":"https:\/\/www.elpolitologoyelpolitico.com.ar\/wordpress\/wp-json\/wp\/v2\/types\/post"}],"author":[{"embeddable":true,"href":"https:\/\/www.elpolitologoyelpolitico.com.ar\/wordpress\/wp-json\/wp\/v2\/users\/4"}],"replies":[{"embeddable":true,"href":"https:\/\/www.elpolitologoyelpolitico.com.ar\/wordpress\/wp-json\/wp\/v2\/comments?post=32792"}],"version-history":[{"count":0,"href":"https:\/\/www.elpolitologoyelpolitico.com.ar\/wordpress\/wp-json\/wp\/v2\/posts\/32792\/revisions"}],"wp:featuredmedia":[{"embeddable":true,"href":"https:\/\/www.elpolitologoyelpolitico.com.ar\/wordpress\/wp-json\/wp\/v2\/media\/32793"}],"wp:attachment":[{"href":"https:\/\/www.elpolitologoyelpolitico.com.ar\/wordpress\/wp-json\/wp\/v2\/media?parent=32792"}],"wp:term":[{"taxonomy":"category","embeddable":true,"href":"https:\/\/www.elpolitologoyelpolitico.com.ar\/wordpress\/wp-json\/wp\/v2\/categories?post=32792"},{"taxonomy":"post_tag","embeddable":true,"href":"https:\/\/www.elpolitologoyelpolitico.com.ar\/wordpress\/wp-json\/wp\/v2\/tags?post=32792"}],"curies":[{"name":"wp","href":"https:\/\/api.w.org\/{rel}","templated":true}]}}