{"id":32789,"date":"2023-07-25T22:01:53","date_gmt":"2023-07-25T22:01:53","guid":{"rendered":"https:\/\/www.elpolitologoyelpolitico.com.ar\/wordpress\/?p=32789"},"modified":"2023-07-25T22:01:55","modified_gmt":"2023-07-25T22:01:55","slug":"se-llevara-a-cabo-el-foro-de-participacion-juvenil-en-viedma","status":"publish","type":"post","link":"https:\/\/www.elpolitologoyelpolitico.com.ar\/wordpress\/2023\/07\/25\/se-llevara-a-cabo-el-foro-de-participacion-juvenil-en-viedma\/","title":{"rendered":"Se llevar\u00e1 a cabo el Foro de Participaci\u00f3n Juvenil en Viedma"},"content":{"rendered":"\n<p>Con la presencia de m\u00e1s de 150 j\u00f3venes provenientes de Conesa, Guardia Mitre, San Javier, Viedma y El C\u00f3ndor se desarrollar\u00e1 el Foro de Participaci\u00f3n Juvenil el pr\u00f3ximo 16 de agosto en la capital provincial.<\/p>\n\n\n\n<p>La finalidad de estos encuentros es generar un espacio de intercambio y libre expresi\u00f3n, que da sentido, identidad y pertenencia a sus miembros; es vinculante en lo territorial generando empoderamiento y actor\u00eda en los adolescentes y j\u00f3venes participantes.<\/p>\n\n\n\n<p>Dentro de las actividades planificadas surge la exposici\u00f3n de ideas, proyectos y soluciones alternativas entre los participantes, a trav\u00e9s del trabajo grupal y discusi\u00f3n de los acontecimientos que atraviesan la vida cotidiana de los adolescentes y j\u00f3venes en sus cursos de vida.<\/p>\n\n\n\n<p>El programa se articula entre la Agencia para la Prevenci\u00f3n y Asistencia ante el Abuso de Sustancias y de las Adicciones (APASA), la Secretar\u00eda de Estado de Ni\u00f1ez, Adolescencia y Familia (SENAF), el Ministerio de Educaci\u00f3n y Derechos Humanos y Loter\u00eda de Rio Negro.<\/p>\n\n\n\n<p>Cabe destacar que tambi\u00e9n se desarrollaran nuevos encuentros en las sedes de Valle Medio, Regi\u00f3n Sur, Zona Andina y Alto Valle. Para conocer m\u00e1s:&nbsp;https:\/\/www.youtube.com\/watch?v=lZrX-xoyGQY<\/p>\n<div class=\"fb-background-color\">\n\t\t\t  <div \n\t\t\t  \tclass = \"fb-comments\" \n\t\t\t  \tdata-href = \"https:\/\/www.elpolitologoyelpolitico.com.ar\/wordpress\/2023\/07\/25\/se-llevara-a-cabo-el-foro-de-participacion-juvenil-en-viedma\/\"\n\t\t\t  \tdata-numposts = \"10\"\n\t\t\t  \tdata-lazy = \"true\"\n\t\t\t\tdata-colorscheme = \"light\"\n\t\t\t\tdata-order-by = \"social\"\n\t\t\t\tdata-mobile=true>\n\t\t\t  <\/div><\/div>\n\t\t  <style>\n\t\t    .fb-background-color {\n\t\t\t\tbackground: #ffffff !important;\n\t\t\t}\n\t\t\t.fb_iframe_widget_fluid_desktop iframe {\n\t\t\t    width: 100% !important;\n\t\t\t}\n\t\t  <\/style>\n\t\t  ","protected":false},"excerpt":{"rendered":"<p>Con la presencia de m\u00e1s de 150 j\u00f3venes provenientes de Conesa, Guardia Mitre, San Javier, Viedma y El C\u00f3ndor se desarrollar\u00e1 el Foro de Participaci\u00f3n Juvenil el pr\u00f3ximo 16 de agosto en la capital provincial. La finalidad de estos encuentros es generar un espacio de intercambio y libre expresi\u00f3n, que da sentido, identidad y pertenencia [&hellip;]<\/p>\n","protected":false},"author":4,"featured_media":32790,"comment_status":"closed","ping_status":"closed","sticky":false,"template":"","format":"standard","meta":{"_joinchat":[],"footnotes":""},"categories":[39],"tags":[],"class_list":["post-32789","post","type-post","status-publish","format-standard","has-post-thumbnail","hentry","category-en-esta-seccion"],"_links":{"self":[{"href":"https:\/\/www.elpolitologoyelpolitico.com.ar\/wordpress\/wp-json\/wp\/v2\/posts\/32789","targetHints":{"allow":["GET"]}}],"collection":[{"href":"https:\/\/www.elpolitologoyelpolitico.com.ar\/wordpress\/wp-json\/wp\/v2\/posts"}],"about":[{"href":"https:\/\/www.elpolitologoyelpolitico.com.ar\/wordpress\/wp-json\/wp\/v2\/types\/post"}],"author":[{"embeddable":true,"href":"https:\/\/www.elpolitologoyelpolitico.com.ar\/wordpress\/wp-json\/wp\/v2\/users\/4"}],"replies":[{"embeddable":true,"href":"https:\/\/www.elpolitologoyelpolitico.com.ar\/wordpress\/wp-json\/wp\/v2\/comments?post=32789"}],"version-history":[{"count":0,"href":"https:\/\/www.elpolitologoyelpolitico.com.ar\/wordpress\/wp-json\/wp\/v2\/posts\/32789\/revisions"}],"wp:featuredmedia":[{"embeddable":true,"href":"https:\/\/www.elpolitologoyelpolitico.com.ar\/wordpress\/wp-json\/wp\/v2\/media\/32790"}],"wp:attachment":[{"href":"https:\/\/www.elpolitologoyelpolitico.com.ar\/wordpress\/wp-json\/wp\/v2\/media?parent=32789"}],"wp:term":[{"taxonomy":"category","embeddable":true,"href":"https:\/\/www.elpolitologoyelpolitico.com.ar\/wordpress\/wp-json\/wp\/v2\/categories?post=32789"},{"taxonomy":"post_tag","embeddable":true,"href":"https:\/\/www.elpolitologoyelpolitico.com.ar\/wordpress\/wp-json\/wp\/v2\/tags?post=32789"}],"curies":[{"name":"wp","href":"https:\/\/api.w.org\/{rel}","templated":true}]}}