{"id":32772,"date":"2023-07-25T19:04:04","date_gmt":"2023-07-25T19:04:04","guid":{"rendered":"https:\/\/www.elpolitologoyelpolitico.com.ar\/wordpress\/?p=32772"},"modified":"2023-07-25T19:04:06","modified_gmt":"2023-07-25T19:04:06","slug":"marino-en-stroeder-vengo-a-proponer-trabajo-y-constancia-porque-es-lo-que-caracteriza-mi-vida","status":"publish","type":"post","link":"https:\/\/www.elpolitologoyelpolitico.com.ar\/wordpress\/2023\/07\/25\/marino-en-stroeder-vengo-a-proponer-trabajo-y-constancia-porque-es-lo-que-caracteriza-mi-vida\/","title":{"rendered":"Marino en Stroeder: \u201cVengo a proponer trabajo y constancia porque es lo que caracteriza mi vida\u201d"},"content":{"rendered":"\n<p>En un acto llevado a cabo en la localidad de Stroeder, el candidato a intendente de Patagones, Ricardo Marino, record\u00f3 la gesti\u00f3n que oportunamente llev\u00f3 a cabo para lograr que todo el partido de Patagones fuera reconocido como integrante de la regi\u00f3n patag\u00f3nica y mencion\u00f3 los beneficios econ\u00f3micos que todo ello ha representado para los sectores de la producci\u00f3n y el trabajo, considerando el valor diferencial de los combustibles o el pago de la zona austral.<\/p>\n\n\n\n<p>\u201cCuando nos propusimos que el partido de Patagones fuera reconocido como parte de la Patagonia iniciamos una tarea casi en soledad, pero con trabajo y mucha constancia finalmente logramos el reconocimiento. Por eso, para m\u00ed el trabajo y la constancia son valores fundamentales para transformar los sue\u00f1os y las ideas en realidades efectivas -dijo Marino frente al nutrido auditorio que se reuni\u00f3 para escucharlo.\u201d<\/p>\n\n\n\n<p>\u201cHoy nos toca hacer realidad una vieja aspiraci\u00f3n de Stroeder: traer el agua, el agua que Stroeder est\u00e1 esperando hace d\u00e9cadas. El partido de Patagones tiene una ribera de m\u00e1s de ochenta kil\u00f3metros de extensi\u00f3n sobre el r\u00edo Negro y el derecho a usar el cupo que le corresponde. Como Intendente voy a hacer valer nuestros derechos y a iniciar todas las acciones que sean necesarias para que Stroeder tenga el agua y el partido de Patagones pueda acceder a los beneficios del riego.\u201d<\/p>\n\n\n\n<p>\u201cLo voy a lograr -agreg\u00f3 Marino- porque tendr\u00e9 la posibilidad de llevar adelante este proyecto codo a codo con el futuro presidente de la Naci\u00f3n, mi querido amigo y compa\u00f1ero Sergio Massa, porque s\u00f3lo a trav\u00e9s del camino del desarrollo de nuestras capacidades productivas podremos lograr la Argentina que todos so\u00f1amos.\u201d<\/p>\n\n\n\n<p>El precandidato a intendente del Frente Renovador tambi\u00e9n se refiri\u00f3 a las pol\u00edticas sanitarias que pondr\u00e1 en marcha y destac\u00f3 que \u201cel doctor Urizar es la fuente que inspira lo que nosotros pretendemos hacer, porque en la actitud de este gran m\u00e9dico de Stroeder, en su vocaci\u00f3n de servicio y en su compromiso con la salud p\u00fablica, est\u00e1n los valores y principios de las pol\u00edticas que pondremos en marcha\u201d.<\/p>\n\n\n\n<p>\u201cNecesitamos que la salud p\u00fablica funcione mejor, que est\u00e9 m\u00e1s cerca de cada vecino y que la acci\u00f3n en materia de prevenci\u00f3n se constituya en la base de todo el sistema. Lo mismo sucede si pensamos en la educaci\u00f3n y en la cultura -expres\u00f3 Marino-, porque necesitamos profundizar las pol\u00edticas que le aseguren al pueblo una educaci\u00f3n publica de calidad y un acceso igualitario a los bienes culturales. Un pueblo educado es un pueblo libre y un pueblo libre es un pueblo soberano -termin\u00f3 diciendo Marino al cerrar el acto que llev\u00f3 a cabo en la ciudad de Stroeder.\u201d<\/p>\n<div class=\"fb-background-color\">\n\t\t\t  <div \n\t\t\t  \tclass = \"fb-comments\" \n\t\t\t  \tdata-href = \"https:\/\/www.elpolitologoyelpolitico.com.ar\/wordpress\/2023\/07\/25\/marino-en-stroeder-vengo-a-proponer-trabajo-y-constancia-porque-es-lo-que-caracteriza-mi-vida\/\"\n\t\t\t  \tdata-numposts = \"10\"\n\t\t\t  \tdata-lazy = \"true\"\n\t\t\t\tdata-colorscheme = \"light\"\n\t\t\t\tdata-order-by = \"social\"\n\t\t\t\tdata-mobile=true>\n\t\t\t  <\/div><\/div>\n\t\t  <style>\n\t\t    .fb-background-color {\n\t\t\t\tbackground: #ffffff !important;\n\t\t\t}\n\t\t\t.fb_iframe_widget_fluid_desktop iframe {\n\t\t\t    width: 100% !important;\n\t\t\t}\n\t\t  <\/style>\n\t\t  ","protected":false},"excerpt":{"rendered":"<p>En un acto llevado a cabo en la localidad de Stroeder, el candidato a intendente de Patagones, Ricardo Marino, record\u00f3 la gesti\u00f3n que oportunamente llev\u00f3 a cabo para lograr que todo el partido de Patagones fuera reconocido como integrante de la regi\u00f3n patag\u00f3nica y mencion\u00f3 los beneficios econ\u00f3micos que todo ello ha representado para los [&hellip;]<\/p>\n","protected":false},"author":4,"featured_media":32773,"comment_status":"closed","ping_status":"closed","sticky":false,"template":"","format":"standard","meta":{"_joinchat":[],"footnotes":""},"categories":[38],"tags":[],"class_list":["post-32772","post","type-post","status-publish","format-standard","has-post-thumbnail","hentry","category-elecciones"],"_links":{"self":[{"href":"https:\/\/www.elpolitologoyelpolitico.com.ar\/wordpress\/wp-json\/wp\/v2\/posts\/32772","targetHints":{"allow":["GET"]}}],"collection":[{"href":"https:\/\/www.elpolitologoyelpolitico.com.ar\/wordpress\/wp-json\/wp\/v2\/posts"}],"about":[{"href":"https:\/\/www.elpolitologoyelpolitico.com.ar\/wordpress\/wp-json\/wp\/v2\/types\/post"}],"author":[{"embeddable":true,"href":"https:\/\/www.elpolitologoyelpolitico.com.ar\/wordpress\/wp-json\/wp\/v2\/users\/4"}],"replies":[{"embeddable":true,"href":"https:\/\/www.elpolitologoyelpolitico.com.ar\/wordpress\/wp-json\/wp\/v2\/comments?post=32772"}],"version-history":[{"count":0,"href":"https:\/\/www.elpolitologoyelpolitico.com.ar\/wordpress\/wp-json\/wp\/v2\/posts\/32772\/revisions"}],"wp:featuredmedia":[{"embeddable":true,"href":"https:\/\/www.elpolitologoyelpolitico.com.ar\/wordpress\/wp-json\/wp\/v2\/media\/32773"}],"wp:attachment":[{"href":"https:\/\/www.elpolitologoyelpolitico.com.ar\/wordpress\/wp-json\/wp\/v2\/media?parent=32772"}],"wp:term":[{"taxonomy":"category","embeddable":true,"href":"https:\/\/www.elpolitologoyelpolitico.com.ar\/wordpress\/wp-json\/wp\/v2\/categories?post=32772"},{"taxonomy":"post_tag","embeddable":true,"href":"https:\/\/www.elpolitologoyelpolitico.com.ar\/wordpress\/wp-json\/wp\/v2\/tags?post=32772"}],"curies":[{"name":"wp","href":"https:\/\/api.w.org\/{rel}","templated":true}]}}