{"id":32764,"date":"2023-07-25T17:13:16","date_gmt":"2023-07-25T17:13:16","guid":{"rendered":"https:\/\/www.elpolitologoyelpolitico.com.ar\/wordpress\/?p=32764"},"modified":"2023-07-25T17:13:18","modified_gmt":"2023-07-25T17:13:18","slug":"crearon-un-perfil-falso-de-ricardo-curetti-y-alertan-a-la-sociedad","status":"publish","type":"post","link":"https:\/\/www.elpolitologoyelpolitico.com.ar\/wordpress\/2023\/07\/25\/crearon-un-perfil-falso-de-ricardo-curetti-y-alertan-a-la-sociedad\/","title":{"rendered":"Crearon un Perfil Falso de Ricardo Curetti y alertan a la Sociedad"},"content":{"rendered":"\n<p>Desde el espacio pol\u00edtico Proyecto Patagones alertan a la poblaci\u00f3n la creaci\u00f3n de un perfil de tel\u00e9fono y WhatsApp falso.<\/p>\n\n\n\n<p>El espcio Politico en el cual participa el presidente del Pj y m\u00e1ximo referente pol\u00edtico Ricardo Curetti, denuncian que se ha creado un perfil de telefono y WhatsApp falso con su imagen, por tal motivo advierten a la poblaci\u00f3n esten alertas ante llamadas o mensajes que puedan recibir haciendose pasar por Ricardo Curetti.<\/p>\n\n\n\n<p>Venimos a proponer para Patagones algo distinto, algo nuevo, con nuevas ideas y proyectos que contengan e incluyan a todos, no coincidimos y rechazamos de manera contundente la mentira y el enga\u00f1o, por eso lamentamos se est\u00e9n usando este tipo de artima\u00f1as que corresponden a la vieja pol\u00edtica para persuadir y enga\u00f1ar al vecino de Patagones, por tal motivo ya estamos trabajando en una presentaci\u00f3n judicial con el fin que se investigue la situaci\u00f3n, expresaron desde Proyecto Patagones.<\/p>\n\n\n\n<figure class=\"wp-block-image size-large\"><img fetchpriority=\"high\" decoding=\"async\" width=\"461\" height=\"1024\" src=\"https:\/\/www.elpolitologoyelpolitico.com.ar\/wp-content\/uploads\/2023\/07\/IMG-20230725-WA0005-1-461x1024.jpg\" alt=\"\" class=\"wp-image-32766\" srcset=\"https:\/\/www.elpolitologoyelpolitico.com.ar\/wp-content\/uploads\/2023\/07\/IMG-20230725-WA0005-1-461x1024.jpg 461w, https:\/\/www.elpolitologoyelpolitico.com.ar\/wp-content\/uploads\/2023\/07\/IMG-20230725-WA0005-1-135x300.jpg 135w, https:\/\/www.elpolitologoyelpolitico.com.ar\/wp-content\/uploads\/2023\/07\/IMG-20230725-WA0005-1.jpg 576w\" sizes=\"(max-width: 461px) 100vw, 461px\" \/><\/figure>\n<div class=\"fb-background-color\">\n\t\t\t  <div \n\t\t\t  \tclass = \"fb-comments\" \n\t\t\t  \tdata-href = \"https:\/\/www.elpolitologoyelpolitico.com.ar\/wordpress\/2023\/07\/25\/crearon-un-perfil-falso-de-ricardo-curetti-y-alertan-a-la-sociedad\/\"\n\t\t\t  \tdata-numposts = \"10\"\n\t\t\t  \tdata-lazy = \"true\"\n\t\t\t\tdata-colorscheme = \"light\"\n\t\t\t\tdata-order-by = \"social\"\n\t\t\t\tdata-mobile=true>\n\t\t\t  <\/div><\/div>\n\t\t  <style>\n\t\t    .fb-background-color {\n\t\t\t\tbackground: #ffffff !important;\n\t\t\t}\n\t\t\t.fb_iframe_widget_fluid_desktop iframe {\n\t\t\t    width: 100% !important;\n\t\t\t}\n\t\t  <\/style>\n\t\t  ","protected":false},"excerpt":{"rendered":"<p>Desde el espacio pol\u00edtico Proyecto Patagones alertan a la poblaci\u00f3n la creaci\u00f3n de un perfil de tel\u00e9fono y WhatsApp falso. El espcio Politico en el cual participa el presidente del Pj y m\u00e1ximo referente pol\u00edtico Ricardo Curetti, denuncian que se ha creado un perfil de telefono y WhatsApp falso con su imagen, por tal motivo [&hellip;]<\/p>\n","protected":false},"author":4,"featured_media":32765,"comment_status":"closed","ping_status":"closed","sticky":false,"template":"","format":"standard","meta":{"_joinchat":[],"footnotes":""},"categories":[39],"tags":[],"class_list":["post-32764","post","type-post","status-publish","format-standard","has-post-thumbnail","hentry","category-en-esta-seccion"],"_links":{"self":[{"href":"https:\/\/www.elpolitologoyelpolitico.com.ar\/wordpress\/wp-json\/wp\/v2\/posts\/32764","targetHints":{"allow":["GET"]}}],"collection":[{"href":"https:\/\/www.elpolitologoyelpolitico.com.ar\/wordpress\/wp-json\/wp\/v2\/posts"}],"about":[{"href":"https:\/\/www.elpolitologoyelpolitico.com.ar\/wordpress\/wp-json\/wp\/v2\/types\/post"}],"author":[{"embeddable":true,"href":"https:\/\/www.elpolitologoyelpolitico.com.ar\/wordpress\/wp-json\/wp\/v2\/users\/4"}],"replies":[{"embeddable":true,"href":"https:\/\/www.elpolitologoyelpolitico.com.ar\/wordpress\/wp-json\/wp\/v2\/comments?post=32764"}],"version-history":[{"count":0,"href":"https:\/\/www.elpolitologoyelpolitico.com.ar\/wordpress\/wp-json\/wp\/v2\/posts\/32764\/revisions"}],"wp:featuredmedia":[{"embeddable":true,"href":"https:\/\/www.elpolitologoyelpolitico.com.ar\/wordpress\/wp-json\/wp\/v2\/media\/32765"}],"wp:attachment":[{"href":"https:\/\/www.elpolitologoyelpolitico.com.ar\/wordpress\/wp-json\/wp\/v2\/media?parent=32764"}],"wp:term":[{"taxonomy":"category","embeddable":true,"href":"https:\/\/www.elpolitologoyelpolitico.com.ar\/wordpress\/wp-json\/wp\/v2\/categories?post=32764"},{"taxonomy":"post_tag","embeddable":true,"href":"https:\/\/www.elpolitologoyelpolitico.com.ar\/wordpress\/wp-json\/wp\/v2\/tags?post=32764"}],"curies":[{"name":"wp","href":"https:\/\/api.w.org\/{rel}","templated":true}]}}