{"id":32761,"date":"2023-07-25T16:53:24","date_gmt":"2023-07-25T16:53:24","guid":{"rendered":"https:\/\/www.elpolitologoyelpolitico.com.ar\/wordpress\/?p=32761"},"modified":"2023-07-25T16:53:26","modified_gmt":"2023-07-25T16:53:26","slug":"viedma-continuan-las-inscripciones-para-participar-de-los-talleres-de-oficio-manos-que-trabajan","status":"publish","type":"post","link":"https:\/\/www.elpolitologoyelpolitico.com.ar\/wordpress\/2023\/07\/25\/viedma-continuan-las-inscripciones-para-participar-de-los-talleres-de-oficio-manos-que-trabajan\/","title":{"rendered":"VIEDMA: Contin\u00faan las inscripciones para participar de los talleres de oficio \u00abManos que Trabajan\u00bb"},"content":{"rendered":"\n<p>Hoy martes 25 de julio desde las 10hs contin\u00faan las inscripciones para participar de los talleres de oficio \u00abManos que Trabajan\u00bb.<\/p>\n\n\n\n<p>Las mismas se realizar\u00e1n en el sal\u00f3n NIDO del sector Nehu\u00e9n del barrio Mi Bandera ubicado en la esquina de las calles n\u00b04 y n\u00b0 19.<\/p>\n\n\n\n<p>Las y los interesadas deben ser mayores de 18 a\u00f1os y presentar fotocopia de DNI.<\/p>\n<div class=\"fb-background-color\">\n\t\t\t  <div \n\t\t\t  \tclass = \"fb-comments\" \n\t\t\t  \tdata-href = \"https:\/\/www.elpolitologoyelpolitico.com.ar\/wordpress\/2023\/07\/25\/viedma-continuan-las-inscripciones-para-participar-de-los-talleres-de-oficio-manos-que-trabajan\/\"\n\t\t\t  \tdata-numposts = \"10\"\n\t\t\t  \tdata-lazy = \"true\"\n\t\t\t\tdata-colorscheme = \"light\"\n\t\t\t\tdata-order-by = \"social\"\n\t\t\t\tdata-mobile=true>\n\t\t\t  <\/div><\/div>\n\t\t  <style>\n\t\t    .fb-background-color {\n\t\t\t\tbackground: #ffffff !important;\n\t\t\t}\n\t\t\t.fb_iframe_widget_fluid_desktop iframe {\n\t\t\t    width: 100% !important;\n\t\t\t}\n\t\t  <\/style>\n\t\t  ","protected":false},"excerpt":{"rendered":"<p>Hoy martes 25 de julio desde las 10hs contin\u00faan las inscripciones para participar de los talleres de oficio \u00abManos que Trabajan\u00bb. Las mismas se realizar\u00e1n en el sal\u00f3n NIDO del sector Nehu\u00e9n del barrio Mi Bandera ubicado en la esquina de las calles n\u00b04 y n\u00b0 19. Las y los interesadas deben ser mayores de [&hellip;]<\/p>\n","protected":false},"author":4,"featured_media":32762,"comment_status":"closed","ping_status":"closed","sticky":false,"template":"","format":"standard","meta":{"_joinchat":[],"footnotes":""},"categories":[39],"tags":[],"class_list":["post-32761","post","type-post","status-publish","format-standard","has-post-thumbnail","hentry","category-en-esta-seccion"],"_links":{"self":[{"href":"https:\/\/www.elpolitologoyelpolitico.com.ar\/wordpress\/wp-json\/wp\/v2\/posts\/32761","targetHints":{"allow":["GET"]}}],"collection":[{"href":"https:\/\/www.elpolitologoyelpolitico.com.ar\/wordpress\/wp-json\/wp\/v2\/posts"}],"about":[{"href":"https:\/\/www.elpolitologoyelpolitico.com.ar\/wordpress\/wp-json\/wp\/v2\/types\/post"}],"author":[{"embeddable":true,"href":"https:\/\/www.elpolitologoyelpolitico.com.ar\/wordpress\/wp-json\/wp\/v2\/users\/4"}],"replies":[{"embeddable":true,"href":"https:\/\/www.elpolitologoyelpolitico.com.ar\/wordpress\/wp-json\/wp\/v2\/comments?post=32761"}],"version-history":[{"count":0,"href":"https:\/\/www.elpolitologoyelpolitico.com.ar\/wordpress\/wp-json\/wp\/v2\/posts\/32761\/revisions"}],"wp:featuredmedia":[{"embeddable":true,"href":"https:\/\/www.elpolitologoyelpolitico.com.ar\/wordpress\/wp-json\/wp\/v2\/media\/32762"}],"wp:attachment":[{"href":"https:\/\/www.elpolitologoyelpolitico.com.ar\/wordpress\/wp-json\/wp\/v2\/media?parent=32761"}],"wp:term":[{"taxonomy":"category","embeddable":true,"href":"https:\/\/www.elpolitologoyelpolitico.com.ar\/wordpress\/wp-json\/wp\/v2\/categories?post=32761"},{"taxonomy":"post_tag","embeddable":true,"href":"https:\/\/www.elpolitologoyelpolitico.com.ar\/wordpress\/wp-json\/wp\/v2\/tags?post=32761"}],"curies":[{"name":"wp","href":"https:\/\/api.w.org\/{rel}","templated":true}]}}