{"id":32758,"date":"2023-07-25T16:29:30","date_gmt":"2023-07-25T16:29:30","guid":{"rendered":"https:\/\/www.elpolitologoyelpolitico.com.ar\/wordpress\/?p=32758"},"modified":"2023-07-25T16:29:31","modified_gmt":"2023-07-25T16:29:31","slug":"carreras-la-temporada-turistica-es-extraordinaria","status":"publish","type":"post","link":"https:\/\/www.elpolitologoyelpolitico.com.ar\/wordpress\/2023\/07\/25\/carreras-la-temporada-turistica-es-extraordinaria\/","title":{"rendered":"Carreras: \u201cLa temporada tur\u00edstica es extraordinaria\u201d"},"content":{"rendered":"\n<p>Con un clima ideal para disfrutar de actividades para toda la familia, la Provincia contin\u00faa ofreciendo distintas alternativas y atractivos tur\u00edsticos, convirti\u00e9ndose en uno de los destinos m\u00e1s elegidos por visitantes a nivel nacional e internacional.<\/p>\n\n\n\n<p>La Gobernadora Arabela Carreras remarc\u00f3 el protagonismo del turismo rionegrino en el mundo y la exitosa temporada invernal que se est\u00e1 desarrollando en toda la provincia, sobre todo en la regi\u00f3n cordillerana. \u201cJulio est\u00e1 a pleno y agosto con la hoteler\u00eda casi completa. M\u00e1s de 922 vuelos solamente de llegada est\u00e1n programados para Bariloche durante este mes, lo que habla no solo del turismo que elige la ciudad sino tambi\u00e9n que visita El Bols\u00f3n\u201d, explic\u00f3.<\/p>\n\n\n\n<p>Estos n\u00fameros denotan un crecimiento de un 23% respecto al mismo mes del a\u00f1o anterior, cuando se recibieron 751 vuelos.<\/p>\n\n\n\n<p>Entre los nacionales, arriban aviones mayoritariamente de CABA, provincia de Buenos Aires, C\u00f3rdoba, Mendoza, Rosario, Viedma, Mar del Plata, Tucum\u00e1n y Salta. En cuanto a los vuelos internacionales, llegan principalmente de San Pablo (Brasil) y Santiago de Chile.<\/p>\n\n\n\n<p>En relaci\u00f3n a las distintas propuestas que se pueden disfrutar en las distintas regiones del territorio, Carreras sostuvo que, \u201cR\u00edo Negro ha ido creciendo desde la oferta, los destinos van proponiendo nuevos productos tur\u00edsticos a trav\u00e9s del desarrollo que experimenta cada localidad\u00bb. En cuanto a la difusi\u00f3n en los mercados internacionales, la Gobernadora mencion\u00f3 que \u00abla promoci\u00f3n es una acci\u00f3n combinada entre los Municipios, la Provincia, Turismo de Naci\u00f3n y el Instituto Nacional de Promoci\u00f3n Tur\u00edstica -INPROTUR- y el fortalecimiento de los entes locales que poco a poco van mostrando sus frutos\u201d.<\/p>\n\n\n\n<p>En este marco, anunci\u00f3 la experiencia del avistaje de fauna marina y costera que se podr\u00e1 disfrutar a partir del pr\u00f3ximo 20 de agosto, a lo largo de las costas del Oc\u00e9ano Atl\u00e1ntico, desde El C\u00f3ndor hasta Playas Doradas y teniendo su punto fuerte en el Camino de la Costa.<\/p>\n\n\n\n<p>Asimismo, afirm\u00f3 la cautivante propuesta de buceo en el Parque Submarino, el proyecto m\u00e1s importante de Sudam\u00e9rica, ubicado en las playas de Las Grutas; las iniciativas gastron\u00f3micas y vitivin\u00edcolas de los Caminos del Vino en los Valles y los paisajes \u00fanicos de la Regi\u00f3n Sur vinculados al Tren Patag\u00f3nico.<\/p>\n<div class=\"fb-background-color\">\n\t\t\t  <div \n\t\t\t  \tclass = \"fb-comments\" \n\t\t\t  \tdata-href = \"https:\/\/www.elpolitologoyelpolitico.com.ar\/wordpress\/2023\/07\/25\/carreras-la-temporada-turistica-es-extraordinaria\/\"\n\t\t\t  \tdata-numposts = \"10\"\n\t\t\t  \tdata-lazy = \"true\"\n\t\t\t\tdata-colorscheme = \"light\"\n\t\t\t\tdata-order-by = \"social\"\n\t\t\t\tdata-mobile=true>\n\t\t\t  <\/div><\/div>\n\t\t  <style>\n\t\t    .fb-background-color {\n\t\t\t\tbackground: #ffffff !important;\n\t\t\t}\n\t\t\t.fb_iframe_widget_fluid_desktop iframe {\n\t\t\t    width: 100% !important;\n\t\t\t}\n\t\t  <\/style>\n\t\t  ","protected":false},"excerpt":{"rendered":"<p>Con un clima ideal para disfrutar de actividades para toda la familia, la Provincia contin\u00faa ofreciendo distintas alternativas y atractivos tur\u00edsticos, convirti\u00e9ndose en uno de los destinos m\u00e1s elegidos por visitantes a nivel nacional e internacional. La Gobernadora Arabela Carreras remarc\u00f3 el protagonismo del turismo rionegrino en el mundo y la exitosa temporada invernal que [&hellip;]<\/p>\n","protected":false},"author":4,"featured_media":32759,"comment_status":"closed","ping_status":"closed","sticky":false,"template":"","format":"standard","meta":{"_joinchat":[],"footnotes":""},"categories":[4],"tags":[],"class_list":["post-32758","post","type-post","status-publish","format-standard","has-post-thumbnail","hentry","category-politicas-publicas"],"_links":{"self":[{"href":"https:\/\/www.elpolitologoyelpolitico.com.ar\/wordpress\/wp-json\/wp\/v2\/posts\/32758","targetHints":{"allow":["GET"]}}],"collection":[{"href":"https:\/\/www.elpolitologoyelpolitico.com.ar\/wordpress\/wp-json\/wp\/v2\/posts"}],"about":[{"href":"https:\/\/www.elpolitologoyelpolitico.com.ar\/wordpress\/wp-json\/wp\/v2\/types\/post"}],"author":[{"embeddable":true,"href":"https:\/\/www.elpolitologoyelpolitico.com.ar\/wordpress\/wp-json\/wp\/v2\/users\/4"}],"replies":[{"embeddable":true,"href":"https:\/\/www.elpolitologoyelpolitico.com.ar\/wordpress\/wp-json\/wp\/v2\/comments?post=32758"}],"version-history":[{"count":0,"href":"https:\/\/www.elpolitologoyelpolitico.com.ar\/wordpress\/wp-json\/wp\/v2\/posts\/32758\/revisions"}],"wp:featuredmedia":[{"embeddable":true,"href":"https:\/\/www.elpolitologoyelpolitico.com.ar\/wordpress\/wp-json\/wp\/v2\/media\/32759"}],"wp:attachment":[{"href":"https:\/\/www.elpolitologoyelpolitico.com.ar\/wordpress\/wp-json\/wp\/v2\/media?parent=32758"}],"wp:term":[{"taxonomy":"category","embeddable":true,"href":"https:\/\/www.elpolitologoyelpolitico.com.ar\/wordpress\/wp-json\/wp\/v2\/categories?post=32758"},{"taxonomy":"post_tag","embeddable":true,"href":"https:\/\/www.elpolitologoyelpolitico.com.ar\/wordpress\/wp-json\/wp\/v2\/tags?post=32758"}],"curies":[{"name":"wp","href":"https:\/\/api.w.org\/{rel}","templated":true}]}}