{"id":3274,"date":"2021-05-19T20:50:00","date_gmt":"2021-05-19T20:50:00","guid":{"rendered":"https:\/\/www.elpolitologoyelpolitico.com.ar\/wordpress\/?p=3274"},"modified":"2021-05-26T18:03:15","modified_gmt":"2021-05-26T18:03:15","slug":"pensamos-un-viedma-integrado-para-terminar-con-los-muros-invisibles","status":"publish","type":"post","link":"https:\/\/www.elpolitologoyelpolitico.com.ar\/wordpress\/2021\/05\/19\/pensamos-un-viedma-integrado-para-terminar-con-los-muros-invisibles\/","title":{"rendered":"\u201cPensamos un Viedma integrado para terminar con los muros invisibles\u201d"},"content":{"rendered":"\t\t<div data-elementor-type=\"wp-post\" data-elementor-id=\"3274\" class=\"elementor elementor-3274\">\n\t\t\t\t\t\t<section class=\"elementor-section elementor-top-section elementor-element elementor-element-46330a87 elementor-section-boxed elementor-section-height-default elementor-section-height-default\" data-id=\"46330a87\" data-element_type=\"section\" data-e-type=\"section\">\n\t\t\t\t\t\t<div class=\"elementor-container elementor-column-gap-default\">\n\t\t\t\t\t<div class=\"elementor-column elementor-col-100 elementor-top-column elementor-element elementor-element-60c6149\" data-id=\"60c6149\" data-element_type=\"column\" data-e-type=\"column\">\n\t\t\t<div class=\"elementor-widget-wrap elementor-element-populated\">\n\t\t\t\t\t\t<div class=\"elementor-element elementor-element-57a0200e elementor-widget elementor-widget-text-editor\" data-id=\"57a0200e\" data-element_type=\"widget\" data-e-type=\"widget\" data-widget_type=\"text-editor.default\">\n\t\t\t\t<div class=\"elementor-widget-container\">\n\t\t\t\t\t\t\t\t\t\n<p>El subsecretario de integraci\u00f3n social de la ciudad de Viedma, Rodolfo Artola, expreso que desde el \u00e1rea tuvieron que llevar a cabo ciertas modificaciones por la situaci\u00f3n epidemiol\u00f3gica que est\u00e1 avanzando en la ciudad. Las actividades llevadas a cabo por el Programa \u201cManos que Trabajan\u201d, se decidieron suspender por 15 d\u00edas (hasta el 31 de Mayo) con el fin de evaluar la situaci\u00f3n de circulaci\u00f3n viral.<\/p>\n\n\n\n<p>Con respecto a las restricciones implementadas en la Ciudad de Viedma, Artola manifest\u00f3 \u201cNo estamos tomando la virtualidad como algo definido, pero en caso que haga falta, vamos a analizar que talleres podr\u00edamos llegar a adaptar a la virtualidad\u201d y agreg\u00f3 \u201cEsperamos poder continuar despu\u00e9s del 31 de mayo de forma presencial si es que la circulaci\u00f3n viral baja\u201d<\/p>\n\n\n\n<p>Por otra parte, el proceso de vacunaci\u00f3n viene siendo efectivo en la Ciudad y se lleg\u00f3 a la suma de&nbsp; veinte mil personas vacunadas. Este jueves, se retomar\u00e1 con la implementaci\u00f3n de la segunda dosis Analizando la Gesti\u00f3n del Intendente Pedro Pesatti y todo su equipo, el subsecretario de integraci\u00f3n social sostuvo \u201cPensamos un Viedma integrado para terminar con los muros invisibles, con obras emblem\u00e1ticas que Viedma necesitaba y estamos en un buen camino\u201d.<\/p>\n\t\t\t\t\t\t\t\t<\/div>\n\t\t\t\t<\/div>\n\t\t\t\t\t<\/div>\n\t\t<\/div>\n\t\t\t\t\t<\/div>\n\t\t<\/section>\n\t\t\t\t<\/div>\n\t\t<div class=\"fb-background-color\">\n\t\t\t  <div \n\t\t\t  \tclass = \"fb-comments\" \n\t\t\t  \tdata-href = \"https:\/\/www.elpolitologoyelpolitico.com.ar\/wordpress\/2021\/05\/19\/pensamos-un-viedma-integrado-para-terminar-con-los-muros-invisibles\/\"\n\t\t\t  \tdata-numposts = \"10\"\n\t\t\t  \tdata-lazy = \"true\"\n\t\t\t\tdata-colorscheme = \"light\"\n\t\t\t\tdata-order-by = \"social\"\n\t\t\t\tdata-mobile=true>\n\t\t\t  <\/div><\/div>\n\t\t  <style>\n\t\t    .fb-background-color {\n\t\t\t\tbackground: #ffffff !important;\n\t\t\t}\n\t\t\t.fb_iframe_widget_fluid_desktop iframe {\n\t\t\t    width: 100% !important;\n\t\t\t}\n\t\t  <\/style>\n\t\t  ","protected":false},"excerpt":{"rendered":"<p>El subsecretario de integraci\u00f3n social de la ciudad de Viedma, Rodolfo Artola, expreso que desde el \u00e1rea tuvieron que llevar a cabo ciertas modificaciones por la situaci\u00f3n epidemiol\u00f3gica que est\u00e1 avanzando en la ciudad. Las actividades llevadas a cabo por el Programa \u201cManos que Trabajan\u201d, se decidieron suspender por 15 d\u00edas (hasta el 31 de [&hellip;]<\/p>\n","protected":false},"author":4,"featured_media":3152,"comment_status":"closed","ping_status":"closed","sticky":false,"template":"","format":"standard","meta":{"_joinchat":[],"footnotes":""},"categories":[21],"tags":[],"class_list":["post-3274","post","type-post","status-publish","format-standard","has-post-thumbnail","hentry","category-actores-politicos"],"_links":{"self":[{"href":"https:\/\/www.elpolitologoyelpolitico.com.ar\/wordpress\/wp-json\/wp\/v2\/posts\/3274","targetHints":{"allow":["GET"]}}],"collection":[{"href":"https:\/\/www.elpolitologoyelpolitico.com.ar\/wordpress\/wp-json\/wp\/v2\/posts"}],"about":[{"href":"https:\/\/www.elpolitologoyelpolitico.com.ar\/wordpress\/wp-json\/wp\/v2\/types\/post"}],"author":[{"embeddable":true,"href":"https:\/\/www.elpolitologoyelpolitico.com.ar\/wordpress\/wp-json\/wp\/v2\/users\/4"}],"replies":[{"embeddable":true,"href":"https:\/\/www.elpolitologoyelpolitico.com.ar\/wordpress\/wp-json\/wp\/v2\/comments?post=3274"}],"version-history":[{"count":0,"href":"https:\/\/www.elpolitologoyelpolitico.com.ar\/wordpress\/wp-json\/wp\/v2\/posts\/3274\/revisions"}],"wp:featuredmedia":[{"embeddable":true,"href":"https:\/\/www.elpolitologoyelpolitico.com.ar\/wordpress\/wp-json\/wp\/v2\/media\/3152"}],"wp:attachment":[{"href":"https:\/\/www.elpolitologoyelpolitico.com.ar\/wordpress\/wp-json\/wp\/v2\/media?parent=3274"}],"wp:term":[{"taxonomy":"category","embeddable":true,"href":"https:\/\/www.elpolitologoyelpolitico.com.ar\/wordpress\/wp-json\/wp\/v2\/categories?post=3274"},{"taxonomy":"post_tag","embeddable":true,"href":"https:\/\/www.elpolitologoyelpolitico.com.ar\/wordpress\/wp-json\/wp\/v2\/tags?post=3274"}],"curies":[{"name":"wp","href":"https:\/\/api.w.org\/{rel}","templated":true}]}}