{"id":32737,"date":"2023-07-24T22:04:03","date_gmt":"2023-07-24T22:04:03","guid":{"rendered":"https:\/\/www.elpolitologoyelpolitico.com.ar\/wordpress\/?p=32737"},"modified":"2023-07-24T22:04:05","modified_gmt":"2023-07-24T22:04:05","slug":"el-precandidato-a-intendente-ricardo-marino-visito-las-instalaciones-del-frigorifico-la-morocha","status":"publish","type":"post","link":"https:\/\/www.elpolitologoyelpolitico.com.ar\/wordpress\/2023\/07\/24\/el-precandidato-a-intendente-ricardo-marino-visito-las-instalaciones-del-frigorifico-la-morocha\/","title":{"rendered":"El precandidato a intendente Ricardo Marino visit\u00f3 las instalaciones del \u00abFrigor\u00edfico la Morocha\u00bb"},"content":{"rendered":"\n<p>Ricardo Marino en el marco de las gestiones que realiz\u00f3 en 2022 ante el Ministerio de Agricultura Ganader\u00eda y Pesca de la Naci\u00f3n, hoy domingo visito las instalaciones del \u00abFrigor\u00edfico la Morocha\u00bb.<\/p>\n\n\n\n<p>Cabe recordar que Marino acompa\u00f1o a los empresarios de frigor\u00edficos de la zona a una reuni\u00f3n donde fueron recibidos por Jorge Solmi, y en la misma solicitaron gestiones para lograr la habilitaci\u00f3n del frigor\u00edfico, como as\u00ed tambi\u00e9n una ayuda financiera por medio de un cr\u00e9dito para la concreci\u00f3n del proyecto de construcci\u00f3n y radicaci\u00f3n de un matadero para la faena de bovinos, ovinos, y\/o porcinos en Carmen de Patagones.<\/p>\n\n\n\n<p>El frigor\u00edfico se encuentra muy avanzado y en la visita Marino se comprometi\u00f3 a continuar haciendo gestiones para agilizar la ayuda financiera para culminar con el proyecto.<\/p>\n<div class=\"fb-background-color\">\n\t\t\t  <div \n\t\t\t  \tclass = \"fb-comments\" \n\t\t\t  \tdata-href = \"https:\/\/www.elpolitologoyelpolitico.com.ar\/wordpress\/2023\/07\/24\/el-precandidato-a-intendente-ricardo-marino-visito-las-instalaciones-del-frigorifico-la-morocha\/\"\n\t\t\t  \tdata-numposts = \"10\"\n\t\t\t  \tdata-lazy = \"true\"\n\t\t\t\tdata-colorscheme = \"light\"\n\t\t\t\tdata-order-by = \"social\"\n\t\t\t\tdata-mobile=true>\n\t\t\t  <\/div><\/div>\n\t\t  <style>\n\t\t    .fb-background-color {\n\t\t\t\tbackground: #ffffff !important;\n\t\t\t}\n\t\t\t.fb_iframe_widget_fluid_desktop iframe {\n\t\t\t    width: 100% !important;\n\t\t\t}\n\t\t  <\/style>\n\t\t  ","protected":false},"excerpt":{"rendered":"<p>Ricardo Marino en el marco de las gestiones que realiz\u00f3 en 2022 ante el Ministerio de Agricultura Ganader\u00eda y Pesca de la Naci\u00f3n, hoy domingo visito las instalaciones del \u00abFrigor\u00edfico la Morocha\u00bb. Cabe recordar que Marino acompa\u00f1o a los empresarios de frigor\u00edficos de la zona a una reuni\u00f3n donde fueron recibidos por Jorge Solmi, y [&hellip;]<\/p>\n","protected":false},"author":4,"featured_media":32738,"comment_status":"closed","ping_status":"closed","sticky":false,"template":"","format":"standard","meta":{"_joinchat":[],"footnotes":""},"categories":[39],"tags":[],"class_list":["post-32737","post","type-post","status-publish","format-standard","has-post-thumbnail","hentry","category-en-esta-seccion"],"_links":{"self":[{"href":"https:\/\/www.elpolitologoyelpolitico.com.ar\/wordpress\/wp-json\/wp\/v2\/posts\/32737","targetHints":{"allow":["GET"]}}],"collection":[{"href":"https:\/\/www.elpolitologoyelpolitico.com.ar\/wordpress\/wp-json\/wp\/v2\/posts"}],"about":[{"href":"https:\/\/www.elpolitologoyelpolitico.com.ar\/wordpress\/wp-json\/wp\/v2\/types\/post"}],"author":[{"embeddable":true,"href":"https:\/\/www.elpolitologoyelpolitico.com.ar\/wordpress\/wp-json\/wp\/v2\/users\/4"}],"replies":[{"embeddable":true,"href":"https:\/\/www.elpolitologoyelpolitico.com.ar\/wordpress\/wp-json\/wp\/v2\/comments?post=32737"}],"version-history":[{"count":0,"href":"https:\/\/www.elpolitologoyelpolitico.com.ar\/wordpress\/wp-json\/wp\/v2\/posts\/32737\/revisions"}],"wp:featuredmedia":[{"embeddable":true,"href":"https:\/\/www.elpolitologoyelpolitico.com.ar\/wordpress\/wp-json\/wp\/v2\/media\/32738"}],"wp:attachment":[{"href":"https:\/\/www.elpolitologoyelpolitico.com.ar\/wordpress\/wp-json\/wp\/v2\/media?parent=32737"}],"wp:term":[{"taxonomy":"category","embeddable":true,"href":"https:\/\/www.elpolitologoyelpolitico.com.ar\/wordpress\/wp-json\/wp\/v2\/categories?post=32737"},{"taxonomy":"post_tag","embeddable":true,"href":"https:\/\/www.elpolitologoyelpolitico.com.ar\/wordpress\/wp-json\/wp\/v2\/tags?post=32737"}],"curies":[{"name":"wp","href":"https:\/\/api.w.org\/{rel}","templated":true}]}}