{"id":32730,"date":"2023-07-24T20:40:26","date_gmt":"2023-07-24T20:40:26","guid":{"rendered":"https:\/\/www.elpolitologoyelpolitico.com.ar\/wordpress\/?p=32730"},"modified":"2023-07-24T20:40:28","modified_gmt":"2023-07-24T20:40:28","slug":"jornada-de-mate-milonguero-en-el-centro-cultural-ii","status":"publish","type":"post","link":"https:\/\/www.elpolitologoyelpolitico.com.ar\/wordpress\/2023\/07\/24\/jornada-de-mate-milonguero-en-el-centro-cultural-ii\/","title":{"rendered":"Jornada de Mate milonguero en el Centro Cultural II"},"content":{"rendered":"\n<p>Este viernes 28 de julio, desde las 17.30 en el Centro Cultural II (Mitre 849), habr\u00e1 Mate Milonguero dictado y coordinado por los profesores del Taller Municipal de Tango, Luis Le\u00f3n y S\u00edlvia Mimi Nieto.<\/p>\n\n\n\n<p>La actividad no requiere conocimientos previos, es con entrada libre y gratuita y se enmarca en las propuestas que lleva a cabo el gobierno de la Viedma a trav\u00e9s de la Subsecretar\u00eda de Cultura.<\/p>\n\n\n\n<p>En esta oportunidad se presentar\u00e1n los bailarines Leandro Aostri y Valeria Abeiro, con la musicalizaci\u00f3n de Natalia Perez.<\/p>\n\n\n\n<p>Se invita a todos los vecinos a participar y a sumarse a la actividad, para compartir una jornada a pura milonga con mates, baile y m\u00fasica.<\/p>\n\n\n\n<p>El dos por cuatro es un baile popular de fuerte arraigo en nuestra comarca que disfrutan diferentes generaciones en el quehacer de la danza.<\/p>\n<div class=\"fb-background-color\">\n\t\t\t  <div \n\t\t\t  \tclass = \"fb-comments\" \n\t\t\t  \tdata-href = \"https:\/\/www.elpolitologoyelpolitico.com.ar\/wordpress\/2023\/07\/24\/jornada-de-mate-milonguero-en-el-centro-cultural-ii\/\"\n\t\t\t  \tdata-numposts = \"10\"\n\t\t\t  \tdata-lazy = \"true\"\n\t\t\t\tdata-colorscheme = \"light\"\n\t\t\t\tdata-order-by = \"social\"\n\t\t\t\tdata-mobile=true>\n\t\t\t  <\/div><\/div>\n\t\t  <style>\n\t\t    .fb-background-color {\n\t\t\t\tbackground: #ffffff !important;\n\t\t\t}\n\t\t\t.fb_iframe_widget_fluid_desktop iframe {\n\t\t\t    width: 100% !important;\n\t\t\t}\n\t\t  <\/style>\n\t\t  ","protected":false},"excerpt":{"rendered":"<p>Este viernes 28 de julio, desde las 17.30 en el Centro Cultural II (Mitre 849), habr\u00e1 Mate Milonguero dictado y coordinado por los profesores del Taller Municipal de Tango, Luis Le\u00f3n y S\u00edlvia Mimi Nieto. La actividad no requiere conocimientos previos, es con entrada libre y gratuita y se enmarca en las propuestas que lleva [&hellip;]<\/p>\n","protected":false},"author":4,"featured_media":32731,"comment_status":"closed","ping_status":"closed","sticky":false,"template":"","format":"standard","meta":{"_joinchat":[],"footnotes":""},"categories":[39],"tags":[],"class_list":["post-32730","post","type-post","status-publish","format-standard","has-post-thumbnail","hentry","category-en-esta-seccion"],"_links":{"self":[{"href":"https:\/\/www.elpolitologoyelpolitico.com.ar\/wordpress\/wp-json\/wp\/v2\/posts\/32730","targetHints":{"allow":["GET"]}}],"collection":[{"href":"https:\/\/www.elpolitologoyelpolitico.com.ar\/wordpress\/wp-json\/wp\/v2\/posts"}],"about":[{"href":"https:\/\/www.elpolitologoyelpolitico.com.ar\/wordpress\/wp-json\/wp\/v2\/types\/post"}],"author":[{"embeddable":true,"href":"https:\/\/www.elpolitologoyelpolitico.com.ar\/wordpress\/wp-json\/wp\/v2\/users\/4"}],"replies":[{"embeddable":true,"href":"https:\/\/www.elpolitologoyelpolitico.com.ar\/wordpress\/wp-json\/wp\/v2\/comments?post=32730"}],"version-history":[{"count":0,"href":"https:\/\/www.elpolitologoyelpolitico.com.ar\/wordpress\/wp-json\/wp\/v2\/posts\/32730\/revisions"}],"wp:featuredmedia":[{"embeddable":true,"href":"https:\/\/www.elpolitologoyelpolitico.com.ar\/wordpress\/wp-json\/wp\/v2\/media\/32731"}],"wp:attachment":[{"href":"https:\/\/www.elpolitologoyelpolitico.com.ar\/wordpress\/wp-json\/wp\/v2\/media?parent=32730"}],"wp:term":[{"taxonomy":"category","embeddable":true,"href":"https:\/\/www.elpolitologoyelpolitico.com.ar\/wordpress\/wp-json\/wp\/v2\/categories?post=32730"},{"taxonomy":"post_tag","embeddable":true,"href":"https:\/\/www.elpolitologoyelpolitico.com.ar\/wordpress\/wp-json\/wp\/v2\/tags?post=32730"}],"curies":[{"name":"wp","href":"https:\/\/api.w.org\/{rel}","templated":true}]}}