{"id":32708,"date":"2023-07-24T01:18:16","date_gmt":"2023-07-24T01:18:16","guid":{"rendered":"https:\/\/www.elpolitologoyelpolitico.com.ar\/wordpress\/?p=32708"},"modified":"2023-07-24T01:19:00","modified_gmt":"2023-07-24T01:19:00","slug":"manana-lunes-comienzan-las-clases-en-ro-negro","status":"publish","type":"post","link":"https:\/\/www.elpolitologoyelpolitico.com.ar\/wordpress\/2023\/07\/24\/manana-lunes-comienzan-las-clases-en-ro-negro\/","title":{"rendered":"Ma\u00f1ana lunes comienzan las clases en Rio Negro"},"content":{"rendered":"\n<p>Luego del receso invernal, ma\u00f1ana lunes 24 de julio comienzan las clases en la Provincia de Rio Negro.<\/p>\n\n\n\n<p>Es importante recalcar que Unter acept\u00f3 la propuesta salarial, pero con condicionamientos.<\/p>\n\n\n\n<p>La \u00faltima propuesta salarial para los docentes fue aceptada&nbsp;tras un largo debate&nbsp;por el Congreso de la Unter,&nbsp;reunido en Viedma. Sin embargo pusieron condiciones.<\/p>\n\n\n\n<p>En su resoluci\u00f3n, el cuerpo plante\u00f3 algunos \u00abcondicionamientos\u00bb en la aceptaci\u00f3n, como&nbsp;\u00abla devoluci\u00f3n del descuento del d\u00eda de paro realizado en los sueldos de junio\u00bb&nbsp;y&nbsp;\u00abdar urgente inicio a la correcci\u00f3n de las grillas de cargos\u00bb<\/p>\n\n\n\n<p>El ofrecimiento trimestral de Educaci\u00f3n consisti\u00f3 en un 8% de aumento para junio, que&nbsp;el mi\u00e9rcoles fue depositado a los docentes, un 6% para julio y un 9% para agosto.<\/p>\n<div class=\"fb-background-color\">\n\t\t\t  <div \n\t\t\t  \tclass = \"fb-comments\" \n\t\t\t  \tdata-href = \"https:\/\/www.elpolitologoyelpolitico.com.ar\/wordpress\/2023\/07\/24\/manana-lunes-comienzan-las-clases-en-ro-negro\/\"\n\t\t\t  \tdata-numposts = \"10\"\n\t\t\t  \tdata-lazy = \"true\"\n\t\t\t\tdata-colorscheme = \"light\"\n\t\t\t\tdata-order-by = \"social\"\n\t\t\t\tdata-mobile=true>\n\t\t\t  <\/div><\/div>\n\t\t  <style>\n\t\t    .fb-background-color {\n\t\t\t\tbackground: #ffffff !important;\n\t\t\t}\n\t\t\t.fb_iframe_widget_fluid_desktop iframe {\n\t\t\t    width: 100% !important;\n\t\t\t}\n\t\t  <\/style>\n\t\t  ","protected":false},"excerpt":{"rendered":"<p>Luego del receso invernal, ma\u00f1ana lunes 24 de julio comienzan las clases en la Provincia de Rio Negro. Es importante recalcar que Unter acept\u00f3 la propuesta salarial, pero con condicionamientos. La \u00faltima propuesta salarial para los docentes fue aceptada&nbsp;tras un largo debate&nbsp;por el Congreso de la Unter,&nbsp;reunido en Viedma. Sin embargo pusieron condiciones. En su [&hellip;]<\/p>\n","protected":false},"author":4,"featured_media":32709,"comment_status":"closed","ping_status":"closed","sticky":false,"template":"","format":"standard","meta":{"_joinchat":[],"footnotes":""},"categories":[39],"tags":[],"class_list":["post-32708","post","type-post","status-publish","format-standard","has-post-thumbnail","hentry","category-en-esta-seccion"],"_links":{"self":[{"href":"https:\/\/www.elpolitologoyelpolitico.com.ar\/wordpress\/wp-json\/wp\/v2\/posts\/32708","targetHints":{"allow":["GET"]}}],"collection":[{"href":"https:\/\/www.elpolitologoyelpolitico.com.ar\/wordpress\/wp-json\/wp\/v2\/posts"}],"about":[{"href":"https:\/\/www.elpolitologoyelpolitico.com.ar\/wordpress\/wp-json\/wp\/v2\/types\/post"}],"author":[{"embeddable":true,"href":"https:\/\/www.elpolitologoyelpolitico.com.ar\/wordpress\/wp-json\/wp\/v2\/users\/4"}],"replies":[{"embeddable":true,"href":"https:\/\/www.elpolitologoyelpolitico.com.ar\/wordpress\/wp-json\/wp\/v2\/comments?post=32708"}],"version-history":[{"count":0,"href":"https:\/\/www.elpolitologoyelpolitico.com.ar\/wordpress\/wp-json\/wp\/v2\/posts\/32708\/revisions"}],"wp:featuredmedia":[{"embeddable":true,"href":"https:\/\/www.elpolitologoyelpolitico.com.ar\/wordpress\/wp-json\/wp\/v2\/media\/32709"}],"wp:attachment":[{"href":"https:\/\/www.elpolitologoyelpolitico.com.ar\/wordpress\/wp-json\/wp\/v2\/media?parent=32708"}],"wp:term":[{"taxonomy":"category","embeddable":true,"href":"https:\/\/www.elpolitologoyelpolitico.com.ar\/wordpress\/wp-json\/wp\/v2\/categories?post=32708"},{"taxonomy":"post_tag","embeddable":true,"href":"https:\/\/www.elpolitologoyelpolitico.com.ar\/wordpress\/wp-json\/wp\/v2\/tags?post=32708"}],"curies":[{"name":"wp","href":"https:\/\/api.w.org\/{rel}","templated":true}]}}