{"id":32705,"date":"2023-07-23T17:37:16","date_gmt":"2023-07-23T17:37:16","guid":{"rendered":"https:\/\/www.elpolitologoyelpolitico.com.ar\/wordpress\/?p=32705"},"modified":"2023-07-23T17:37:18","modified_gmt":"2023-07-23T17:37:18","slug":"futbol-barrial-patagones-esta-todo-preparado-para-la-gran-final-en-veteranos","status":"publish","type":"post","link":"https:\/\/www.elpolitologoyelpolitico.com.ar\/wordpress\/2023\/07\/23\/futbol-barrial-patagones-esta-todo-preparado-para-la-gran-final-en-veteranos\/","title":{"rendered":"Futbol barrial Patagones: Esta todo preparado para la Gran Final en veteranos"},"content":{"rendered":"\n<p>Este domingo desde las 16hs se jugar\u00e1 la final de Veteranos del torneo Apertura entre Villa Lynch y Rampla Jrs, en la cancha de Villa Morando.<\/p>\n\n\n\n<p>La entrada tendr\u00e1 un valor de $200 y todo lo recaudado ir\u00e1 destinado a recaudar fondos para la futura construcci\u00f3n de la sede de la Asociaci\u00f3n de Clubes Barriales de F\u00fatbol de Patagones &#8211; ACBFP Asimismo, habr\u00e1 servicio de bufette con el mismo fin.<\/p>\n\n\n\n<p>En la previa, se jugar\u00e1 en la misma cancha el interzonal de la 9na fecha de 2da y 1ra Divisi\u00f3n entre Las 150 y Juventud Unida.<\/p>\n<div class=\"fb-background-color\">\n\t\t\t  <div \n\t\t\t  \tclass = \"fb-comments\" \n\t\t\t  \tdata-href = \"https:\/\/www.elpolitologoyelpolitico.com.ar\/wordpress\/2023\/07\/23\/futbol-barrial-patagones-esta-todo-preparado-para-la-gran-final-en-veteranos\/\"\n\t\t\t  \tdata-numposts = \"10\"\n\t\t\t  \tdata-lazy = \"true\"\n\t\t\t\tdata-colorscheme = \"light\"\n\t\t\t\tdata-order-by = \"social\"\n\t\t\t\tdata-mobile=true>\n\t\t\t  <\/div><\/div>\n\t\t  <style>\n\t\t    .fb-background-color {\n\t\t\t\tbackground: #ffffff !important;\n\t\t\t}\n\t\t\t.fb_iframe_widget_fluid_desktop iframe {\n\t\t\t    width: 100% !important;\n\t\t\t}\n\t\t  <\/style>\n\t\t  ","protected":false},"excerpt":{"rendered":"<p>Este domingo desde las 16hs se jugar\u00e1 la final de Veteranos del torneo Apertura entre Villa Lynch y Rampla Jrs, en la cancha de Villa Morando. La entrada tendr\u00e1 un valor de $200 y todo lo recaudado ir\u00e1 destinado a recaudar fondos para la futura construcci\u00f3n de la sede de la Asociaci\u00f3n de Clubes Barriales [&hellip;]<\/p>\n","protected":false},"author":4,"featured_media":32706,"comment_status":"closed","ping_status":"closed","sticky":false,"template":"","format":"standard","meta":{"_joinchat":[],"footnotes":""},"categories":[39],"tags":[],"class_list":["post-32705","post","type-post","status-publish","format-standard","has-post-thumbnail","hentry","category-en-esta-seccion"],"_links":{"self":[{"href":"https:\/\/www.elpolitologoyelpolitico.com.ar\/wordpress\/wp-json\/wp\/v2\/posts\/32705","targetHints":{"allow":["GET"]}}],"collection":[{"href":"https:\/\/www.elpolitologoyelpolitico.com.ar\/wordpress\/wp-json\/wp\/v2\/posts"}],"about":[{"href":"https:\/\/www.elpolitologoyelpolitico.com.ar\/wordpress\/wp-json\/wp\/v2\/types\/post"}],"author":[{"embeddable":true,"href":"https:\/\/www.elpolitologoyelpolitico.com.ar\/wordpress\/wp-json\/wp\/v2\/users\/4"}],"replies":[{"embeddable":true,"href":"https:\/\/www.elpolitologoyelpolitico.com.ar\/wordpress\/wp-json\/wp\/v2\/comments?post=32705"}],"version-history":[{"count":0,"href":"https:\/\/www.elpolitologoyelpolitico.com.ar\/wordpress\/wp-json\/wp\/v2\/posts\/32705\/revisions"}],"wp:featuredmedia":[{"embeddable":true,"href":"https:\/\/www.elpolitologoyelpolitico.com.ar\/wordpress\/wp-json\/wp\/v2\/media\/32706"}],"wp:attachment":[{"href":"https:\/\/www.elpolitologoyelpolitico.com.ar\/wordpress\/wp-json\/wp\/v2\/media?parent=32705"}],"wp:term":[{"taxonomy":"category","embeddable":true,"href":"https:\/\/www.elpolitologoyelpolitico.com.ar\/wordpress\/wp-json\/wp\/v2\/categories?post=32705"},{"taxonomy":"post_tag","embeddable":true,"href":"https:\/\/www.elpolitologoyelpolitico.com.ar\/wordpress\/wp-json\/wp\/v2\/tags?post=32705"}],"curies":[{"name":"wp","href":"https:\/\/api.w.org\/{rel}","templated":true}]}}