{"id":32697,"date":"2023-07-23T01:10:08","date_gmt":"2023-07-23T01:10:08","guid":{"rendered":"https:\/\/www.elpolitologoyelpolitico.com.ar\/wordpress\/?p=32697"},"modified":"2023-07-23T01:10:10","modified_gmt":"2023-07-23T01:10:10","slug":"elecciones-patagones-un-sector-del-radicalismo-apoya-al-precandidato-a-intendente-rodrigo-aurrecochea","status":"publish","type":"post","link":"https:\/\/www.elpolitologoyelpolitico.com.ar\/wordpress\/2023\/07\/23\/elecciones-patagones-un-sector-del-radicalismo-apoya-al-precandidato-a-intendente-rodrigo-aurrecochea\/","title":{"rendered":"ELECCIONES PATAGONES: Un sector del radicalismo apoya al precandidato a intendente Rodrigo Aurrecochea"},"content":{"rendered":"\n<p>Referentes radicales de los espacios que lideran Leopoldo Moreau y Cecilia Moreau. Se encolumnaron dentro de Proyecto Patagones para acompa\u00f1ar al pre candidato a Intendente del Partido de Patagones Rodrigo Aurrecochea en las pr\u00f3ximas elecciones.<\/p>\n\n\n\n<p>Porque creemos en la renovaci\u00f3n, porque la causa de los despose\u00eddos que pregonaba Leandro Alem va de la mano al bien com\u00fan que so\u00f1aba Per\u00f3n.<\/p>\n\n\n\n<p>Estamos donde estar\u00eda Ra\u00fal Alfons\u00edn, estamos convencidos que el camino correcto es Uni\u00f3n por la Patria, y no dudamos que Rodrigo Aurrecochea ser\u00e1 quien lleve adelante este proyecto de transformaci\u00f3n que tanto necesita nuestra querida Carmen de Patagones, en la dura misi\u00f3n de recuperar lo destruido, ah\u00ed estaremos acompa\u00f1ando. Porque como lo manifest\u00f3 Ricardo Balb\u00edn, \u201cNo importa quien lleva el palo, lo que importa es la bandera\u201d.<br>&nbsp;<\/p>\n<div class=\"fb-background-color\">\n\t\t\t  <div \n\t\t\t  \tclass = \"fb-comments\" \n\t\t\t  \tdata-href = \"https:\/\/www.elpolitologoyelpolitico.com.ar\/wordpress\/2023\/07\/23\/elecciones-patagones-un-sector-del-radicalismo-apoya-al-precandidato-a-intendente-rodrigo-aurrecochea\/\"\n\t\t\t  \tdata-numposts = \"10\"\n\t\t\t  \tdata-lazy = \"true\"\n\t\t\t\tdata-colorscheme = \"light\"\n\t\t\t\tdata-order-by = \"social\"\n\t\t\t\tdata-mobile=true>\n\t\t\t  <\/div><\/div>\n\t\t  <style>\n\t\t    .fb-background-color {\n\t\t\t\tbackground: #ffffff !important;\n\t\t\t}\n\t\t\t.fb_iframe_widget_fluid_desktop iframe {\n\t\t\t    width: 100% !important;\n\t\t\t}\n\t\t  <\/style>\n\t\t  ","protected":false},"excerpt":{"rendered":"<p>Referentes radicales de los espacios que lideran Leopoldo Moreau y Cecilia Moreau. Se encolumnaron dentro de Proyecto Patagones para acompa\u00f1ar al pre candidato a Intendente del Partido de Patagones Rodrigo Aurrecochea en las pr\u00f3ximas elecciones. Porque creemos en la renovaci\u00f3n, porque la causa de los despose\u00eddos que pregonaba Leandro Alem va de la mano al [&hellip;]<\/p>\n","protected":false},"author":4,"featured_media":32698,"comment_status":"closed","ping_status":"closed","sticky":false,"template":"","format":"standard","meta":{"_joinchat":[],"footnotes":""},"categories":[38],"tags":[],"class_list":["post-32697","post","type-post","status-publish","format-standard","has-post-thumbnail","hentry","category-elecciones"],"_links":{"self":[{"href":"https:\/\/www.elpolitologoyelpolitico.com.ar\/wordpress\/wp-json\/wp\/v2\/posts\/32697","targetHints":{"allow":["GET"]}}],"collection":[{"href":"https:\/\/www.elpolitologoyelpolitico.com.ar\/wordpress\/wp-json\/wp\/v2\/posts"}],"about":[{"href":"https:\/\/www.elpolitologoyelpolitico.com.ar\/wordpress\/wp-json\/wp\/v2\/types\/post"}],"author":[{"embeddable":true,"href":"https:\/\/www.elpolitologoyelpolitico.com.ar\/wordpress\/wp-json\/wp\/v2\/users\/4"}],"replies":[{"embeddable":true,"href":"https:\/\/www.elpolitologoyelpolitico.com.ar\/wordpress\/wp-json\/wp\/v2\/comments?post=32697"}],"version-history":[{"count":0,"href":"https:\/\/www.elpolitologoyelpolitico.com.ar\/wordpress\/wp-json\/wp\/v2\/posts\/32697\/revisions"}],"wp:featuredmedia":[{"embeddable":true,"href":"https:\/\/www.elpolitologoyelpolitico.com.ar\/wordpress\/wp-json\/wp\/v2\/media\/32698"}],"wp:attachment":[{"href":"https:\/\/www.elpolitologoyelpolitico.com.ar\/wordpress\/wp-json\/wp\/v2\/media?parent=32697"}],"wp:term":[{"taxonomy":"category","embeddable":true,"href":"https:\/\/www.elpolitologoyelpolitico.com.ar\/wordpress\/wp-json\/wp\/v2\/categories?post=32697"},{"taxonomy":"post_tag","embeddable":true,"href":"https:\/\/www.elpolitologoyelpolitico.com.ar\/wordpress\/wp-json\/wp\/v2\/tags?post=32697"}],"curies":[{"name":"wp","href":"https:\/\/api.w.org\/{rel}","templated":true}]}}