{"id":32692,"date":"2023-07-23T00:47:01","date_gmt":"2023-07-23T00:47:01","guid":{"rendered":"https:\/\/www.elpolitologoyelpolitico.com.ar\/wordpress\/?p=32692"},"modified":"2023-07-23T00:47:03","modified_gmt":"2023-07-23T00:47:03","slug":"se-suspendio-el-show-del-gato-con-botas-y-la-granja-porque-se-rompio-el-micro","status":"publish","type":"post","link":"https:\/\/www.elpolitologoyelpolitico.com.ar\/wordpress\/2023\/07\/23\/se-suspendio-el-show-del-gato-con-botas-y-la-granja-porque-se-rompio-el-micro\/","title":{"rendered":"Se suspendi\u00f3 el show del Gato con botas y La granja porque se rompi\u00f3 el micro"},"content":{"rendered":"\n<p>Hoy sabado debia realizarse el show del gato con botas y la granja en Viedma, pero se suspendi\u00f3 porque el micro que trasladaba al personal se rompi\u00f3 anoche en La Pampa.<\/p>\n\n\n\n<p>Quienes hayan adquirido entradas deber\u00e1n acercarse al local comercial La H es muda (ROCA 157) para su devoluci\u00f3n los lunes y martes de 12:30 a 14 horas. Tambien de 18 a 20 horas.<\/p>\n\n\n\n<p>Muchos vecinos estan enojados porque no avisaron con tiempo y adem\u00e1s hay muchos chicxs que quedaron desilusionado porque no hubo ning\u00fan show.<\/p>\n\n\n\n<figure class=\"wp-block-image size-full\"><img fetchpriority=\"high\" decoding=\"async\" width=\"720\" height=\"637\" src=\"https:\/\/www.elpolitologoyelpolitico.com.ar\/wp-content\/uploads\/2023\/07\/IMG-20230721-WA0011-1.jpg\" alt=\"\" class=\"wp-image-32695\" srcset=\"https:\/\/www.elpolitologoyelpolitico.com.ar\/wp-content\/uploads\/2023\/07\/IMG-20230721-WA0011-1.jpg 720w, https:\/\/www.elpolitologoyelpolitico.com.ar\/wp-content\/uploads\/2023\/07\/IMG-20230721-WA0011-1-300x265.jpg 300w\" sizes=\"(max-width: 720px) 100vw, 720px\" \/><\/figure>\n<div class=\"fb-background-color\">\n\t\t\t  <div \n\t\t\t  \tclass = \"fb-comments\" \n\t\t\t  \tdata-href = \"https:\/\/www.elpolitologoyelpolitico.com.ar\/wordpress\/2023\/07\/23\/se-suspendio-el-show-del-gato-con-botas-y-la-granja-porque-se-rompio-el-micro\/\"\n\t\t\t  \tdata-numposts = \"10\"\n\t\t\t  \tdata-lazy = \"true\"\n\t\t\t\tdata-colorscheme = \"light\"\n\t\t\t\tdata-order-by = \"social\"\n\t\t\t\tdata-mobile=true>\n\t\t\t  <\/div><\/div>\n\t\t  <style>\n\t\t    .fb-background-color {\n\t\t\t\tbackground: #ffffff !important;\n\t\t\t}\n\t\t\t.fb_iframe_widget_fluid_desktop iframe {\n\t\t\t    width: 100% !important;\n\t\t\t}\n\t\t  <\/style>\n\t\t  ","protected":false},"excerpt":{"rendered":"<p>Hoy sabado debia realizarse el show del gato con botas y la granja en Viedma, pero se suspendi\u00f3 porque el micro que trasladaba al personal se rompi\u00f3 anoche en La Pampa. Quienes hayan adquirido entradas deber\u00e1n acercarse al local comercial La H es muda (ROCA 157) para su devoluci\u00f3n los lunes y martes de 12:30 [&hellip;]<\/p>\n","protected":false},"author":4,"featured_media":32693,"comment_status":"closed","ping_status":"closed","sticky":false,"template":"","format":"standard","meta":{"_joinchat":[],"footnotes":""},"categories":[39],"tags":[],"class_list":["post-32692","post","type-post","status-publish","format-standard","has-post-thumbnail","hentry","category-en-esta-seccion"],"_links":{"self":[{"href":"https:\/\/www.elpolitologoyelpolitico.com.ar\/wordpress\/wp-json\/wp\/v2\/posts\/32692","targetHints":{"allow":["GET"]}}],"collection":[{"href":"https:\/\/www.elpolitologoyelpolitico.com.ar\/wordpress\/wp-json\/wp\/v2\/posts"}],"about":[{"href":"https:\/\/www.elpolitologoyelpolitico.com.ar\/wordpress\/wp-json\/wp\/v2\/types\/post"}],"author":[{"embeddable":true,"href":"https:\/\/www.elpolitologoyelpolitico.com.ar\/wordpress\/wp-json\/wp\/v2\/users\/4"}],"replies":[{"embeddable":true,"href":"https:\/\/www.elpolitologoyelpolitico.com.ar\/wordpress\/wp-json\/wp\/v2\/comments?post=32692"}],"version-history":[{"count":0,"href":"https:\/\/www.elpolitologoyelpolitico.com.ar\/wordpress\/wp-json\/wp\/v2\/posts\/32692\/revisions"}],"wp:featuredmedia":[{"embeddable":true,"href":"https:\/\/www.elpolitologoyelpolitico.com.ar\/wordpress\/wp-json\/wp\/v2\/media\/32693"}],"wp:attachment":[{"href":"https:\/\/www.elpolitologoyelpolitico.com.ar\/wordpress\/wp-json\/wp\/v2\/media?parent=32692"}],"wp:term":[{"taxonomy":"category","embeddable":true,"href":"https:\/\/www.elpolitologoyelpolitico.com.ar\/wordpress\/wp-json\/wp\/v2\/categories?post=32692"},{"taxonomy":"post_tag","embeddable":true,"href":"https:\/\/www.elpolitologoyelpolitico.com.ar\/wordpress\/wp-json\/wp\/v2\/tags?post=32692"}],"curies":[{"name":"wp","href":"https:\/\/api.w.org\/{rel}","templated":true}]}}