{"id":32682,"date":"2023-07-23T00:05:36","date_gmt":"2023-07-23T00:05:36","guid":{"rendered":"https:\/\/www.elpolitologoyelpolitico.com.ar\/wordpress\/?p=32682"},"modified":"2023-07-23T00:05:37","modified_gmt":"2023-07-23T00:05:37","slug":"futsal-en-bariloche-sera-un-destino-privilegiado","status":"publish","type":"post","link":"https:\/\/www.elpolitologoyelpolitico.com.ar\/wordpress\/2023\/07\/23\/futsal-en-bariloche-sera-un-destino-privilegiado\/","title":{"rendered":"FUTSAL en Bariloche: \u00abSer\u00e1 un destino privilegiado\u00bb"},"content":{"rendered":"\n<p>La Gobernadora Arabela Carreras destac\u00f3 la importancia de la reuni\u00f3n mantenida ayer con el presidente de la AFA, Claudio \u201cChiqui\u201d Tapia, donde se avanz\u00f3 en acuerdos para que San Carlos de Bariloche sea sede de las finales y Capital Nacional del FUTSAL. Adem\u00e1s, confirm\u00f3 que se trabaja para lograr la llegada de la Copa del Mundo a la ciudad en agosto.<\/p>\n\n\n\n<p>\u201cBariloche ser\u00e1 un destino privilegiado por la AFA para competencias de FUTSAL\u201d, sostuvo la Gobernadora. Resalt\u00f3 que estas competencias \u201cgenerar\u00e1n varios eventos, que suman al perfil deportivo y tur\u00edstico que tiene la ciudad\u201d.<\/p>\n\n\n\n<p>La reuni\u00f3n entre Carreras y Tapia se desarroll\u00f3 ayer en el predio de AFA en Ezeiza. Firmaron un acuerdo de colaboraci\u00f3n para que San Carlos de Bariloche sea sede de las finales del FUTSAL, en las ramas femenina y masculina, y se avanz\u00f3 en un trabajo conjunto para lograr que el Congreso de la Naci\u00f3n declare a la ciudad se declare como Capital Nacional del FUTSAL.<\/p>\n\n\n\n<p>Adem\u00e1s, la ciudad cordillerana ser\u00e1 sede de un partido amistoso de las selecciones de FUTSAL masculina o femenina, con combinados extranjeros o locales, y se sum\u00f3 una serie de capacitaciones.<\/p>\n\n\n\n<p>Durante el encuentro, el titular de la AFA confirm\u00f3 su visita a Bariloche en agosto y se trabaja en conjunto para que, en esa fecha a definir, se pueda lograr la llegada de la Copa del Mundo a la ciudad, en lo que ser\u00e1 una jornada hist\u00f3rica.<\/p>\n\n\n\n<p>\u201cEstamos ajustando las fechas exactas, buscando lugar en la agenda y en la ciudad, porque est\u00e1 colmada de turistas. Estimamos que ser\u00e1 en mediados del mes de agosto. Se genera una gran emoci\u00f3n, en lo personal me produjo mucha emoci\u00f3n recorrer el predio de AFA\u201d, dijo la Mandataria, en di\u00e1logo con Radio Seis.<\/p>\n\n\n\n<p>El acuerdo tambi\u00e9n establece que la AFA facilitar\u00e1 el acceso y la visita de contingentes de chicos y chicas de la provincia al predio \u201cLionel Andr\u00e9s Messi\u201d y al Museo \u201cDiego Armando Maradona\u201d.<\/p>\n\n\n\n<p>\u201cEsto implicar\u00e1 la posibilidad de que nuestros chicos y chicas rionegrinas puedan conocer el predio y generar un v\u00ednculo fluido con esta instituci\u00f3n\u201d, se\u00f1al\u00f3.<\/p>\n\n\n\n<figure class=\"wp-block-image size-large\"><img fetchpriority=\"high\" decoding=\"async\" width=\"1024\" height=\"682\" src=\"https:\/\/www.elpolitologoyelpolitico.com.ar\/wp-content\/uploads\/2023\/07\/IMG-20230722-WA0091-1024x682.jpg\" alt=\"\" class=\"wp-image-32684\" srcset=\"https:\/\/www.elpolitologoyelpolitico.com.ar\/wp-content\/uploads\/2023\/07\/IMG-20230722-WA0091-1024x682.jpg 1024w, https:\/\/www.elpolitologoyelpolitico.com.ar\/wp-content\/uploads\/2023\/07\/IMG-20230722-WA0091-300x200.jpg 300w, https:\/\/www.elpolitologoyelpolitico.com.ar\/wp-content\/uploads\/2023\/07\/IMG-20230722-WA0091-768x512.jpg 768w, https:\/\/www.elpolitologoyelpolitico.com.ar\/wp-content\/uploads\/2023\/07\/IMG-20230722-WA0091.jpg 1280w\" sizes=\"(max-width: 1024px) 100vw, 1024px\" \/><\/figure>\n<div class=\"fb-background-color\">\n\t\t\t  <div \n\t\t\t  \tclass = \"fb-comments\" \n\t\t\t  \tdata-href = \"https:\/\/www.elpolitologoyelpolitico.com.ar\/wordpress\/2023\/07\/23\/futsal-en-bariloche-sera-un-destino-privilegiado\/\"\n\t\t\t  \tdata-numposts = \"10\"\n\t\t\t  \tdata-lazy = \"true\"\n\t\t\t\tdata-colorscheme = \"light\"\n\t\t\t\tdata-order-by = \"social\"\n\t\t\t\tdata-mobile=true>\n\t\t\t  <\/div><\/div>\n\t\t  <style>\n\t\t    .fb-background-color {\n\t\t\t\tbackground: #ffffff !important;\n\t\t\t}\n\t\t\t.fb_iframe_widget_fluid_desktop iframe {\n\t\t\t    width: 100% !important;\n\t\t\t}\n\t\t  <\/style>\n\t\t  ","protected":false},"excerpt":{"rendered":"<p>La Gobernadora Arabela Carreras destac\u00f3 la importancia de la reuni\u00f3n mantenida ayer con el presidente de la AFA, Claudio \u201cChiqui\u201d Tapia, donde se avanz\u00f3 en acuerdos para que San Carlos de Bariloche sea sede de las finales y Capital Nacional del FUTSAL. Adem\u00e1s, confirm\u00f3 que se trabaja para lograr la llegada de la Copa del [&hellip;]<\/p>\n","protected":false},"author":4,"featured_media":32683,"comment_status":"closed","ping_status":"closed","sticky":false,"template":"","format":"standard","meta":{"_joinchat":[],"footnotes":""},"categories":[39],"tags":[],"class_list":["post-32682","post","type-post","status-publish","format-standard","has-post-thumbnail","hentry","category-en-esta-seccion"],"_links":{"self":[{"href":"https:\/\/www.elpolitologoyelpolitico.com.ar\/wordpress\/wp-json\/wp\/v2\/posts\/32682","targetHints":{"allow":["GET"]}}],"collection":[{"href":"https:\/\/www.elpolitologoyelpolitico.com.ar\/wordpress\/wp-json\/wp\/v2\/posts"}],"about":[{"href":"https:\/\/www.elpolitologoyelpolitico.com.ar\/wordpress\/wp-json\/wp\/v2\/types\/post"}],"author":[{"embeddable":true,"href":"https:\/\/www.elpolitologoyelpolitico.com.ar\/wordpress\/wp-json\/wp\/v2\/users\/4"}],"replies":[{"embeddable":true,"href":"https:\/\/www.elpolitologoyelpolitico.com.ar\/wordpress\/wp-json\/wp\/v2\/comments?post=32682"}],"version-history":[{"count":0,"href":"https:\/\/www.elpolitologoyelpolitico.com.ar\/wordpress\/wp-json\/wp\/v2\/posts\/32682\/revisions"}],"wp:featuredmedia":[{"embeddable":true,"href":"https:\/\/www.elpolitologoyelpolitico.com.ar\/wordpress\/wp-json\/wp\/v2\/media\/32683"}],"wp:attachment":[{"href":"https:\/\/www.elpolitologoyelpolitico.com.ar\/wordpress\/wp-json\/wp\/v2\/media?parent=32682"}],"wp:term":[{"taxonomy":"category","embeddable":true,"href":"https:\/\/www.elpolitologoyelpolitico.com.ar\/wordpress\/wp-json\/wp\/v2\/categories?post=32682"},{"taxonomy":"post_tag","embeddable":true,"href":"https:\/\/www.elpolitologoyelpolitico.com.ar\/wordpress\/wp-json\/wp\/v2\/tags?post=32682"}],"curies":[{"name":"wp","href":"https:\/\/api.w.org\/{rel}","templated":true}]}}