{"id":32679,"date":"2023-07-22T23:45:30","date_gmt":"2023-07-22T23:45:30","guid":{"rendered":"https:\/\/www.elpolitologoyelpolitico.com.ar\/wordpress\/?p=32679"},"modified":"2023-07-22T23:45:32","modified_gmt":"2023-07-22T23:45:32","slug":"proyecto-patagones-propone-una-herramienta-innovadora-para-encarar-la-ultima-etapa-de-la-campana","status":"publish","type":"post","link":"https:\/\/www.elpolitologoyelpolitico.com.ar\/wordpress\/2023\/07\/22\/proyecto-patagones-propone-una-herramienta-innovadora-para-encarar-la-ultima-etapa-de-la-campana\/","title":{"rendered":"Proyecto Patagones propone una herramienta innovadora para encarar la \u00faltima etapa de la campa\u00f1a."},"content":{"rendered":"\n<p>Se trata se su propia pagina web<br>www.proyectopatagones.com.ar<\/p>\n\n\n\n<p>Hace ya bastante tiempo que todo el equipo viene recorriendo las diferentes localidades del distrito, siempre con el proyecto en la mano y las propuestas para transformar la Municipalidad de Patagones en un agente del crecimiento regional.<\/p>\n\n\n\n<p>Hoy nos enorgullece anunciar felizmente que lanzamos nuestra propia p\u00e1gina web www.proyectopatagones.com.ar donde hay informaci\u00f3n del proyecto, pero sobre todo donde vamos a poder comunicarnos con cada uno de los que quieran aportar su propuesta.Sumar otro medio de comunicaci\u00f3n como este implica poder escuchar a m\u00e1s vecinos.<\/p>\n\n\n\n<p>Siempre pensando en 3 ejes de acci\u00f3n: la conformaci\u00f3n de un estado inteligente con el uso de nuevas tecnolog\u00edas, el desarrollo de un plan de acompa\u00f1amiento productivo para pymes y emprendimientos, y fomentar una econom\u00eda justa y de crecimiento.<\/p>\n\n\n\n<pre class=\"wp-block-code\"><code>La profesionalidad es parte de la seriedad que le queremos dar a Proyecto Patagones, \u00bfpor qu\u00e9? porque entendimos que la \u00fanica forma de que realmente se logre mejorar la sociedad es con profesionalismo, con capacidad y tambi\u00e9n con un profundo conocimiento de cada punto del distrito.<\/code><\/pre>\n\n\n\n<p>Proyecto Patagones es de todos, para todos y para siempre. Es una plataforma pol\u00edtica inclusiva para impulsar los proyectos de cualquiera ciudadano. Lo conformamos para terminar con la discriminaci\u00f3n por ideolog\u00eda o color pol\u00edtico. El objetivo est\u00e1 puesto en el hacer y ser mejores.<\/p>\n\n\n\n<p>Estamos logrando ser amplios, ser visibles con ideas y proyectos, nos identifican las ganas de hacer, de aportar y de crecer. Es momento de que todos puedan dar su punto de vista, y sobre todo, quienes tengan ganas de aportar a Patagones, lo puedan hacer. Pueden entrar en nuestra p\u00e1gina e ir a la secci\u00f3n TE ESCUCHAMOS y dejarnos su aporte, nosotros evaluaremos y nos pondremos en contacto para desarrollar la propuesta.<\/p>\n\n\n\n<p>Los invito a todos a que se sumen , a qu\u00e9 participen para tener un partido m\u00e1s pujante, m\u00e1s productivo y m\u00e1s inclusivo.<\/p>\n<div class=\"fb-background-color\">\n\t\t\t  <div \n\t\t\t  \tclass = \"fb-comments\" \n\t\t\t  \tdata-href = \"https:\/\/www.elpolitologoyelpolitico.com.ar\/wordpress\/2023\/07\/22\/proyecto-patagones-propone-una-herramienta-innovadora-para-encarar-la-ultima-etapa-de-la-campana\/\"\n\t\t\t  \tdata-numposts = \"10\"\n\t\t\t  \tdata-lazy = \"true\"\n\t\t\t\tdata-colorscheme = \"light\"\n\t\t\t\tdata-order-by = \"social\"\n\t\t\t\tdata-mobile=true>\n\t\t\t  <\/div><\/div>\n\t\t  <style>\n\t\t    .fb-background-color {\n\t\t\t\tbackground: #ffffff !important;\n\t\t\t}\n\t\t\t.fb_iframe_widget_fluid_desktop iframe {\n\t\t\t    width: 100% !important;\n\t\t\t}\n\t\t  <\/style>\n\t\t  ","protected":false},"excerpt":{"rendered":"<p>Se trata se su propia pagina webwww.proyectopatagones.com.ar Hace ya bastante tiempo que todo el equipo viene recorriendo las diferentes localidades del distrito, siempre con el proyecto en la mano y las propuestas para transformar la Municipalidad de Patagones en un agente del crecimiento regional. Hoy nos enorgullece anunciar felizmente que lanzamos nuestra propia p\u00e1gina web [&hellip;]<\/p>\n","protected":false},"author":4,"featured_media":32680,"comment_status":"closed","ping_status":"closed","sticky":false,"template":"","format":"standard","meta":{"_joinchat":[],"footnotes":""},"categories":[38],"tags":[],"class_list":["post-32679","post","type-post","status-publish","format-standard","has-post-thumbnail","hentry","category-elecciones"],"_links":{"self":[{"href":"https:\/\/www.elpolitologoyelpolitico.com.ar\/wordpress\/wp-json\/wp\/v2\/posts\/32679","targetHints":{"allow":["GET"]}}],"collection":[{"href":"https:\/\/www.elpolitologoyelpolitico.com.ar\/wordpress\/wp-json\/wp\/v2\/posts"}],"about":[{"href":"https:\/\/www.elpolitologoyelpolitico.com.ar\/wordpress\/wp-json\/wp\/v2\/types\/post"}],"author":[{"embeddable":true,"href":"https:\/\/www.elpolitologoyelpolitico.com.ar\/wordpress\/wp-json\/wp\/v2\/users\/4"}],"replies":[{"embeddable":true,"href":"https:\/\/www.elpolitologoyelpolitico.com.ar\/wordpress\/wp-json\/wp\/v2\/comments?post=32679"}],"version-history":[{"count":0,"href":"https:\/\/www.elpolitologoyelpolitico.com.ar\/wordpress\/wp-json\/wp\/v2\/posts\/32679\/revisions"}],"wp:featuredmedia":[{"embeddable":true,"href":"https:\/\/www.elpolitologoyelpolitico.com.ar\/wordpress\/wp-json\/wp\/v2\/media\/32680"}],"wp:attachment":[{"href":"https:\/\/www.elpolitologoyelpolitico.com.ar\/wordpress\/wp-json\/wp\/v2\/media?parent=32679"}],"wp:term":[{"taxonomy":"category","embeddable":true,"href":"https:\/\/www.elpolitologoyelpolitico.com.ar\/wordpress\/wp-json\/wp\/v2\/categories?post=32679"},{"taxonomy":"post_tag","embeddable":true,"href":"https:\/\/www.elpolitologoyelpolitico.com.ar\/wordpress\/wp-json\/wp\/v2\/tags?post=32679"}],"curies":[{"name":"wp","href":"https:\/\/api.w.org\/{rel}","templated":true}]}}