{"id":32674,"date":"2023-07-22T15:35:23","date_gmt":"2023-07-22T15:35:23","guid":{"rendered":"https:\/\/www.elpolitologoyelpolitico.com.ar\/wordpress\/?p=32674"},"modified":"2023-07-22T15:35:25","modified_gmt":"2023-07-22T15:35:25","slug":"habra-un-nuevo-avance-significativo-en-obras-de-pavimento-en-viedma","status":"publish","type":"post","link":"https:\/\/www.elpolitologoyelpolitico.com.ar\/wordpress\/2023\/07\/22\/habra-un-nuevo-avance-significativo-en-obras-de-pavimento-en-viedma\/","title":{"rendered":"Habr\u00e1 un nuevo avance significativo en obras de pavimento en Viedma"},"content":{"rendered":"\n<p>El intendente Pedro Pesatti encabez\u00f3 en la ma\u00f1ana de este viernes la apertura de sobres de la segunda etapa de pavimento del \u00abPlan 150 Cuadras\u00bb.<\/p>\n\n\n\n<p>En total se construir\u00e1n 55 cuadras de asfalto en distintos barrios, de las 150 aprobadas oportunamente por el Concejo Deliberante.<\/p>\n\n\n\n<p>La oferta recibida pertenece a la empresa Ingenier\u00eda y Arquitectura, que present\u00f3 una suma de 608 millones 227 mil 823 pesos.<\/p>\n\n\n\n<p>El secretario de Desarrollo Territorial, H\u00e1bitat y Obras P\u00fablicas Gast\u00f3n Renda destac\u00f3 la importancia de esta obra para la comunidad, y su la trascendencia en el contexto actual.<\/p>\n\n\n\n<p>A pesar de las dificultades, inform\u00f3 que gracias al esfuerzo conjunto, ya se han ejecutado 120 cuadras y se apunta a superar las 200 durante la gesti\u00f3n.<\/p>\n\n\n\n<p>Por su parte, el intendente Pesatti inform\u00f3 que la semana pr\u00f3xima se estar\u00e1n firmando dos contratos para el inicio de obras de gran envergadura: la pavimentaci\u00f3n y el ensanchamiento de lo que resta de la avenida Per\u00f3n, y del bulevar Ituizaing\u00f3.<\/p>\n\n\n\n<p>Adem\u00e1s, se avanzar\u00e1 en la terminaci\u00f3n del edificio municipal.<br>\u00abSi bien hemos enfrentado desaf\u00edos, logramos ahora la aprobaci\u00f3n del proyecto &nbsp;para alcanzar el financiamiento y continuar con su ejecuci\u00f3n. Este edificio ser\u00e1 un pilar fundamental para una gesti\u00f3n municipal m\u00e1s eficiente y optimizar\u00e1 la prestaci\u00f3n de servicios a todos nuestros ciudadanos\u00bb, dijo el mandatario.<\/p>\n\n\n\n<p>Destac\u00f3 Pesatti los avances en otras obras de importancia como el Centro de Desarrollo Infantil y el Albergue Municipal, ambos pr\u00f3ximos a su finalizaci\u00f3n; y del \u00abJard\u00edn de la Humanidad\u00bb.<\/p>\n\n\n\n<figure class=\"wp-block-gallery has-nested-images columns-default is-cropped wp-block-gallery-1 is-layout-flex wp-block-gallery-is-layout-flex\">\n<figure class=\"wp-block-image size-large\"><img fetchpriority=\"high\" decoding=\"async\" width=\"720\" height=\"406\" data-id=\"32676\" src=\"https:\/\/www.elpolitologoyelpolitico.com.ar\/wp-content\/uploads\/2023\/07\/IMG-20230722-WA0056.jpg\" alt=\"\" class=\"wp-image-32676\" srcset=\"https:\/\/www.elpolitologoyelpolitico.com.ar\/wp-content\/uploads\/2023\/07\/IMG-20230722-WA0056.jpg 720w, https:\/\/www.elpolitologoyelpolitico.com.ar\/wp-content\/uploads\/2023\/07\/IMG-20230722-WA0056-300x169.jpg 300w\" sizes=\"(max-width: 720px) 100vw, 720px\" \/><\/figure>\n\n\n\n<figure class=\"wp-block-image size-large\"><img decoding=\"async\" width=\"720\" height=\"448\" data-id=\"32677\" src=\"https:\/\/www.elpolitologoyelpolitico.com.ar\/wp-content\/uploads\/2023\/07\/IMG-20230722-WA0057.jpg\" alt=\"\" class=\"wp-image-32677\" srcset=\"https:\/\/www.elpolitologoyelpolitico.com.ar\/wp-content\/uploads\/2023\/07\/IMG-20230722-WA0057.jpg 720w, https:\/\/www.elpolitologoyelpolitico.com.ar\/wp-content\/uploads\/2023\/07\/IMG-20230722-WA0057-300x187.jpg 300w\" sizes=\"(max-width: 720px) 100vw, 720px\" \/><\/figure>\n<\/figure>\n<div class=\"fb-background-color\">\n\t\t\t  <div \n\t\t\t  \tclass = \"fb-comments\" \n\t\t\t  \tdata-href = \"https:\/\/www.elpolitologoyelpolitico.com.ar\/wordpress\/2023\/07\/22\/habra-un-nuevo-avance-significativo-en-obras-de-pavimento-en-viedma\/\"\n\t\t\t  \tdata-numposts = \"10\"\n\t\t\t  \tdata-lazy = \"true\"\n\t\t\t\tdata-colorscheme = \"light\"\n\t\t\t\tdata-order-by = \"social\"\n\t\t\t\tdata-mobile=true>\n\t\t\t  <\/div><\/div>\n\t\t  <style>\n\t\t    .fb-background-color {\n\t\t\t\tbackground: #ffffff !important;\n\t\t\t}\n\t\t\t.fb_iframe_widget_fluid_desktop iframe {\n\t\t\t    width: 100% !important;\n\t\t\t}\n\t\t  <\/style>\n\t\t  ","protected":false},"excerpt":{"rendered":"<p>El intendente Pedro Pesatti encabez\u00f3 en la ma\u00f1ana de este viernes la apertura de sobres de la segunda etapa de pavimento del \u00abPlan 150 Cuadras\u00bb. En total se construir\u00e1n 55 cuadras de asfalto en distintos barrios, de las 150 aprobadas oportunamente por el Concejo Deliberante. La oferta recibida pertenece a la empresa Ingenier\u00eda y Arquitectura, [&hellip;]<\/p>\n","protected":false},"author":4,"featured_media":32675,"comment_status":"closed","ping_status":"closed","sticky":false,"template":"","format":"standard","meta":{"_joinchat":[],"footnotes":""},"categories":[4],"tags":[],"class_list":["post-32674","post","type-post","status-publish","format-standard","has-post-thumbnail","hentry","category-politicas-publicas"],"_links":{"self":[{"href":"https:\/\/www.elpolitologoyelpolitico.com.ar\/wordpress\/wp-json\/wp\/v2\/posts\/32674","targetHints":{"allow":["GET"]}}],"collection":[{"href":"https:\/\/www.elpolitologoyelpolitico.com.ar\/wordpress\/wp-json\/wp\/v2\/posts"}],"about":[{"href":"https:\/\/www.elpolitologoyelpolitico.com.ar\/wordpress\/wp-json\/wp\/v2\/types\/post"}],"author":[{"embeddable":true,"href":"https:\/\/www.elpolitologoyelpolitico.com.ar\/wordpress\/wp-json\/wp\/v2\/users\/4"}],"replies":[{"embeddable":true,"href":"https:\/\/www.elpolitologoyelpolitico.com.ar\/wordpress\/wp-json\/wp\/v2\/comments?post=32674"}],"version-history":[{"count":0,"href":"https:\/\/www.elpolitologoyelpolitico.com.ar\/wordpress\/wp-json\/wp\/v2\/posts\/32674\/revisions"}],"wp:featuredmedia":[{"embeddable":true,"href":"https:\/\/www.elpolitologoyelpolitico.com.ar\/wordpress\/wp-json\/wp\/v2\/media\/32675"}],"wp:attachment":[{"href":"https:\/\/www.elpolitologoyelpolitico.com.ar\/wordpress\/wp-json\/wp\/v2\/media?parent=32674"}],"wp:term":[{"taxonomy":"category","embeddable":true,"href":"https:\/\/www.elpolitologoyelpolitico.com.ar\/wordpress\/wp-json\/wp\/v2\/categories?post=32674"},{"taxonomy":"post_tag","embeddable":true,"href":"https:\/\/www.elpolitologoyelpolitico.com.ar\/wordpress\/wp-json\/wp\/v2\/tags?post=32674"}],"curies":[{"name":"wp","href":"https:\/\/api.w.org\/{rel}","templated":true}]}}