{"id":32667,"date":"2023-07-22T14:51:19","date_gmt":"2023-07-22T14:51:19","guid":{"rendered":"https:\/\/www.elpolitologoyelpolitico.com.ar\/wordpress\/?p=32667"},"modified":"2023-07-22T15:32:12","modified_gmt":"2023-07-22T15:32:12","slug":"se-realizo-un-exitoso-operativo-de-prevencion-en-patagones","status":"publish","type":"post","link":"https:\/\/www.elpolitologoyelpolitico.com.ar\/wordpress\/2023\/07\/22\/se-realizo-un-exitoso-operativo-de-prevencion-en-patagones\/","title":{"rendered":"Se realiz\u00f3 un exitoso operativo de prevenci\u00f3n en Patagones"},"content":{"rendered":"\n<p>La Direcci\u00f3n de Tr\u00e1nsito llev\u00f3 adelante este jueves una exitosa primera jornada de controles preventivos en Carmen de Patagones con motivo de los festejos por el D\u00eda del Amigo.<\/p>\n\n\n\n<p>Tal como se anunci\u00f3 oportunamente, el personal del \u00e1rea trabaj\u00f3 en distintos sectores de la ciudad solicitando documentaci\u00f3n de los veh\u00edculos, de los conductores y, especialmente realizando test de alcoholemia.<\/p>\n\n\n\n<p>Estas tareas tienen como principal objetivo garantizar la circulaci\u00f3n vehicular de forma segura, prevenir accidentes y crear conciencia sobre la importancia de no consumir alcohol previo a conducir.<\/p>\n\n\n\n<p>Cabe se\u00f1alar que el operativo continuar\u00e1 durante todo el fin de semana.<\/p>\n\n\n\n<figure class=\"wp-block-gallery has-nested-images columns-default is-cropped wp-block-gallery-1 is-layout-flex wp-block-gallery-is-layout-flex\">\n<figure class=\"wp-block-image size-large\"><img fetchpriority=\"high\" decoding=\"async\" width=\"1024\" height=\"768\" data-id=\"32670\" src=\"https:\/\/www.elpolitologoyelpolitico.com.ar\/wp-content\/uploads\/2023\/07\/IMG-20230722-WA0053-1-1024x768.jpg\" alt=\"\" class=\"wp-image-32670\" srcset=\"https:\/\/www.elpolitologoyelpolitico.com.ar\/wp-content\/uploads\/2023\/07\/IMG-20230722-WA0053-1-1024x768.jpg 1024w, https:\/\/www.elpolitologoyelpolitico.com.ar\/wp-content\/uploads\/2023\/07\/IMG-20230722-WA0053-1-300x225.jpg 300w, https:\/\/www.elpolitologoyelpolitico.com.ar\/wp-content\/uploads\/2023\/07\/IMG-20230722-WA0053-1-768x576.jpg 768w, https:\/\/www.elpolitologoyelpolitico.com.ar\/wp-content\/uploads\/2023\/07\/IMG-20230722-WA0053-1-1536x1152.jpg 1536w, https:\/\/www.elpolitologoyelpolitico.com.ar\/wp-content\/uploads\/2023\/07\/IMG-20230722-WA0053-1.jpg 1600w\" sizes=\"(max-width: 1024px) 100vw, 1024px\" \/><\/figure>\n\n\n\n<figure class=\"wp-block-image size-large\"><img decoding=\"async\" width=\"768\" height=\"1024\" data-id=\"32671\" src=\"https:\/\/www.elpolitologoyelpolitico.com.ar\/wp-content\/uploads\/2023\/07\/IMG-20230722-WA0054-768x1024.jpg\" alt=\"\" class=\"wp-image-32671\" srcset=\"https:\/\/www.elpolitologoyelpolitico.com.ar\/wp-content\/uploads\/2023\/07\/IMG-20230722-WA0054-768x1024.jpg 768w, https:\/\/www.elpolitologoyelpolitico.com.ar\/wp-content\/uploads\/2023\/07\/IMG-20230722-WA0054-225x300.jpg 225w, https:\/\/www.elpolitologoyelpolitico.com.ar\/wp-content\/uploads\/2023\/07\/IMG-20230722-WA0054-1152x1536.jpg 1152w, https:\/\/www.elpolitologoyelpolitico.com.ar\/wp-content\/uploads\/2023\/07\/IMG-20230722-WA0054.jpg 1200w\" sizes=\"(max-width: 768px) 100vw, 768px\" \/><\/figure>\n<\/figure>\n<div class=\"fb-background-color\">\n\t\t\t  <div \n\t\t\t  \tclass = \"fb-comments\" \n\t\t\t  \tdata-href = \"https:\/\/www.elpolitologoyelpolitico.com.ar\/wordpress\/2023\/07\/22\/se-realizo-un-exitoso-operativo-de-prevencion-en-patagones\/\"\n\t\t\t  \tdata-numposts = \"10\"\n\t\t\t  \tdata-lazy = \"true\"\n\t\t\t\tdata-colorscheme = \"light\"\n\t\t\t\tdata-order-by = \"social\"\n\t\t\t\tdata-mobile=true>\n\t\t\t  <\/div><\/div>\n\t\t  <style>\n\t\t    .fb-background-color {\n\t\t\t\tbackground: #ffffff !important;\n\t\t\t}\n\t\t\t.fb_iframe_widget_fluid_desktop iframe {\n\t\t\t    width: 100% !important;\n\t\t\t}\n\t\t  <\/style>\n\t\t  ","protected":false},"excerpt":{"rendered":"<p>La Direcci\u00f3n de Tr\u00e1nsito llev\u00f3 adelante este jueves una exitosa primera jornada de controles preventivos en Carmen de Patagones con motivo de los festejos por el D\u00eda del Amigo. Tal como se anunci\u00f3 oportunamente, el personal del \u00e1rea trabaj\u00f3 en distintos sectores de la ciudad solicitando documentaci\u00f3n de los veh\u00edculos, de los conductores y, especialmente [&hellip;]<\/p>\n","protected":false},"author":4,"featured_media":32669,"comment_status":"closed","ping_status":"closed","sticky":false,"template":"","format":"standard","meta":{"_joinchat":[],"footnotes":""},"categories":[39],"tags":[],"class_list":["post-32667","post","type-post","status-publish","format-standard","has-post-thumbnail","hentry","category-en-esta-seccion"],"_links":{"self":[{"href":"https:\/\/www.elpolitologoyelpolitico.com.ar\/wordpress\/wp-json\/wp\/v2\/posts\/32667","targetHints":{"allow":["GET"]}}],"collection":[{"href":"https:\/\/www.elpolitologoyelpolitico.com.ar\/wordpress\/wp-json\/wp\/v2\/posts"}],"about":[{"href":"https:\/\/www.elpolitologoyelpolitico.com.ar\/wordpress\/wp-json\/wp\/v2\/types\/post"}],"author":[{"embeddable":true,"href":"https:\/\/www.elpolitologoyelpolitico.com.ar\/wordpress\/wp-json\/wp\/v2\/users\/4"}],"replies":[{"embeddable":true,"href":"https:\/\/www.elpolitologoyelpolitico.com.ar\/wordpress\/wp-json\/wp\/v2\/comments?post=32667"}],"version-history":[{"count":0,"href":"https:\/\/www.elpolitologoyelpolitico.com.ar\/wordpress\/wp-json\/wp\/v2\/posts\/32667\/revisions"}],"wp:featuredmedia":[{"embeddable":true,"href":"https:\/\/www.elpolitologoyelpolitico.com.ar\/wordpress\/wp-json\/wp\/v2\/media\/32669"}],"wp:attachment":[{"href":"https:\/\/www.elpolitologoyelpolitico.com.ar\/wordpress\/wp-json\/wp\/v2\/media?parent=32667"}],"wp:term":[{"taxonomy":"category","embeddable":true,"href":"https:\/\/www.elpolitologoyelpolitico.com.ar\/wordpress\/wp-json\/wp\/v2\/categories?post=32667"},{"taxonomy":"post_tag","embeddable":true,"href":"https:\/\/www.elpolitologoyelpolitico.com.ar\/wordpress\/wp-json\/wp\/v2\/tags?post=32667"}],"curies":[{"name":"wp","href":"https:\/\/api.w.org\/{rel}","templated":true}]}}