{"id":32650,"date":"2023-07-21T17:25:50","date_gmt":"2023-07-21T17:25:50","guid":{"rendered":"https:\/\/www.elpolitologoyelpolitico.com.ar\/wordpress\/?p=32650"},"modified":"2023-07-21T17:26:30","modified_gmt":"2023-07-21T17:26:30","slug":"vacaciones-de-invierno-en-viedma-continuan-las-actividades-culturales-en-el-centro-cultural-ii","status":"publish","type":"post","link":"https:\/\/www.elpolitologoyelpolitico.com.ar\/wordpress\/2023\/07\/21\/vacaciones-de-invierno-en-viedma-continuan-las-actividades-culturales-en-el-centro-cultural-ii\/","title":{"rendered":"Vacaciones de Invierno en Viedma: Contin\u00faan las actividades culturales en el Centro Cultural II"},"content":{"rendered":"\n<p>Pas\u00f3 la primera jornada de Galer\u00eda de Juegos en el&nbsp; Centro Cultural II (Mitre 849)<\/p>\n\n\n\n<p>Hoy, viernes 21\/7 comienzan las actividades nuevamente de 16 a 18 horas para pasar una tarde a puro juego de la mano de Romina Degliantoni, Nuria Iturra y Mart\u00edn S\u00e1nchez.&nbsp;<\/p>\n\n\n\n<p>La actividad es libre y gratuita. No hace falta inscripci\u00f3n previa.&nbsp;<\/p>\n\n\n\n<p><strong>Programaci\u00f3n fin de semana&nbsp;<\/strong><\/p>\n\n\n\n<p>\u25cf Viernes 21- Centro Cultural II &#8211; LIBRE Y GRATUITO | Galer\u00eda de Juegos I 16 a 18 hs, actividad para ni\u00f1es de 5 a 7 a\u00f1os-&nbsp; Romina Degliantoni, Nuria Iturra y Mart\u00edn Sanchez.&nbsp;<\/p>\n\n\n\n<p>\u25cf Viernes 21, 21hs | Muestra de alumnos de danza Guarachando \u201cCon la punta del pie\u201d ($800 anticipadas $1000 en puerta, Gonzalo Parra)<\/p>\n\n\n\n<p>\u25cf Viernes 21, 19hs | Presentaci\u00f3n de Libro \u00abLunas de Poder: el origen de las mujeres m\u00e1gicas\u00bb de Victoria Alippi &#8211; Sala Biagetti<\/p>\n\n\n\n<p>\u25cf S\u00e1bado 22, 15:30hs &#8211; La granja | Espect\u00e1culo infantil (entradas en La H es muda a $4000)<\/p>\n\n\n\n<p>\u25cf S\u00e1bado 22, 17hs &#8211; El gato con botas | Espect\u00e1culo infantil (entradas en La H es muda a $4000)<\/p>\n\n\n\n<figure class=\"wp-block-gallery has-nested-images columns-default is-cropped wp-block-gallery-1 is-layout-flex wp-block-gallery-is-layout-flex\">\n<figure class=\"wp-block-image size-large\"><img fetchpriority=\"high\" decoding=\"async\" width=\"720\" height=\"620\" data-id=\"32652\" src=\"https:\/\/www.elpolitologoyelpolitico.com.ar\/wp-content\/uploads\/2023\/07\/IMG-20230721-WA0010.jpg\" alt=\"\" class=\"wp-image-32652\" srcset=\"https:\/\/www.elpolitologoyelpolitico.com.ar\/wp-content\/uploads\/2023\/07\/IMG-20230721-WA0010.jpg 720w, https:\/\/www.elpolitologoyelpolitico.com.ar\/wp-content\/uploads\/2023\/07\/IMG-20230721-WA0010-300x258.jpg 300w\" sizes=\"(max-width: 720px) 100vw, 720px\" \/><\/figure>\n\n\n\n<figure class=\"wp-block-image size-large\"><img decoding=\"async\" width=\"720\" height=\"480\" data-id=\"32653\" src=\"https:\/\/www.elpolitologoyelpolitico.com.ar\/wp-content\/uploads\/2023\/07\/IMG-20230721-WA0012.jpg\" alt=\"\" class=\"wp-image-32653\" srcset=\"https:\/\/www.elpolitologoyelpolitico.com.ar\/wp-content\/uploads\/2023\/07\/IMG-20230721-WA0012.jpg 720w, https:\/\/www.elpolitologoyelpolitico.com.ar\/wp-content\/uploads\/2023\/07\/IMG-20230721-WA0012-300x200.jpg 300w\" sizes=\"(max-width: 720px) 100vw, 720px\" \/><\/figure>\n<\/figure>\n<div class=\"fb-background-color\">\n\t\t\t  <div \n\t\t\t  \tclass = \"fb-comments\" \n\t\t\t  \tdata-href = \"https:\/\/www.elpolitologoyelpolitico.com.ar\/wordpress\/2023\/07\/21\/vacaciones-de-invierno-en-viedma-continuan-las-actividades-culturales-en-el-centro-cultural-ii\/\"\n\t\t\t  \tdata-numposts = \"10\"\n\t\t\t  \tdata-lazy = \"true\"\n\t\t\t\tdata-colorscheme = \"light\"\n\t\t\t\tdata-order-by = \"social\"\n\t\t\t\tdata-mobile=true>\n\t\t\t  <\/div><\/div>\n\t\t  <style>\n\t\t    .fb-background-color {\n\t\t\t\tbackground: #ffffff !important;\n\t\t\t}\n\t\t\t.fb_iframe_widget_fluid_desktop iframe {\n\t\t\t    width: 100% !important;\n\t\t\t}\n\t\t  <\/style>\n\t\t  ","protected":false},"excerpt":{"rendered":"<p>Pas\u00f3 la primera jornada de Galer\u00eda de Juegos en el&nbsp; Centro Cultural II (Mitre 849) Hoy, viernes 21\/7 comienzan las actividades nuevamente de 16 a 18 horas para pasar una tarde a puro juego de la mano de Romina Degliantoni, Nuria Iturra y Mart\u00edn S\u00e1nchez.&nbsp; La actividad es libre y gratuita. No hace falta inscripci\u00f3n [&hellip;]<\/p>\n","protected":false},"author":4,"featured_media":32651,"comment_status":"closed","ping_status":"closed","sticky":false,"template":"","format":"standard","meta":{"_joinchat":[],"footnotes":""},"categories":[39],"tags":[],"class_list":["post-32650","post","type-post","status-publish","format-standard","has-post-thumbnail","hentry","category-en-esta-seccion"],"_links":{"self":[{"href":"https:\/\/www.elpolitologoyelpolitico.com.ar\/wordpress\/wp-json\/wp\/v2\/posts\/32650","targetHints":{"allow":["GET"]}}],"collection":[{"href":"https:\/\/www.elpolitologoyelpolitico.com.ar\/wordpress\/wp-json\/wp\/v2\/posts"}],"about":[{"href":"https:\/\/www.elpolitologoyelpolitico.com.ar\/wordpress\/wp-json\/wp\/v2\/types\/post"}],"author":[{"embeddable":true,"href":"https:\/\/www.elpolitologoyelpolitico.com.ar\/wordpress\/wp-json\/wp\/v2\/users\/4"}],"replies":[{"embeddable":true,"href":"https:\/\/www.elpolitologoyelpolitico.com.ar\/wordpress\/wp-json\/wp\/v2\/comments?post=32650"}],"version-history":[{"count":0,"href":"https:\/\/www.elpolitologoyelpolitico.com.ar\/wordpress\/wp-json\/wp\/v2\/posts\/32650\/revisions"}],"wp:featuredmedia":[{"embeddable":true,"href":"https:\/\/www.elpolitologoyelpolitico.com.ar\/wordpress\/wp-json\/wp\/v2\/media\/32651"}],"wp:attachment":[{"href":"https:\/\/www.elpolitologoyelpolitico.com.ar\/wordpress\/wp-json\/wp\/v2\/media?parent=32650"}],"wp:term":[{"taxonomy":"category","embeddable":true,"href":"https:\/\/www.elpolitologoyelpolitico.com.ar\/wordpress\/wp-json\/wp\/v2\/categories?post=32650"},{"taxonomy":"post_tag","embeddable":true,"href":"https:\/\/www.elpolitologoyelpolitico.com.ar\/wordpress\/wp-json\/wp\/v2\/tags?post=32650"}],"curies":[{"name":"wp","href":"https:\/\/api.w.org\/{rel}","templated":true}]}}