{"id":32633,"date":"2023-07-21T15:23:45","date_gmt":"2023-07-21T15:23:45","guid":{"rendered":"https:\/\/www.elpolitologoyelpolitico.com.ar\/wordpress\/?p=32633"},"modified":"2023-07-21T15:24:21","modified_gmt":"2023-07-21T15:24:21","slug":"alhue-gavuzzo-la-vivienda-es-un-derecho-no-puede-ser-un-negocio","status":"publish","type":"post","link":"https:\/\/www.elpolitologoyelpolitico.com.ar\/wordpress\/2023\/07\/21\/alhue-gavuzzo-la-vivienda-es-un-derecho-no-puede-ser-un-negocio\/","title":{"rendered":"Alhue Gavuzzo: \u201cla vivienda es un derecho, no puede ser un negocio\u201d"},"content":{"rendered":"\n<p><em>La precandidata a Diputada Nacional de R\u00edo Negro por parte de la Lista Unir y Fortalecer la Izquierda que lleva a Myriam Bregman a la Presidencia, se refiri\u00f3 a la grave situaci\u00f3n de alquileres y viviendas en la provincia.<\/em><\/p>\n\n\n\n<p>Alhue Gavuzzo, precandidata a Diputada Nacional por la lista del Frente de Izquierda que tiene como f\u00f3rmula presidencial a Myriam Bregman y Nicol\u00e1s del Ca\u00f1o, se refiri\u00f3 a la grave crisis habitacional que se padece en R\u00edo Negro: \u201clos principales problemas se encuentran en la zona Andina y Alto Valle, en donde se traccionaron los precios de alquileres por el impacto del turismo y los precios del petr\u00f3leo. En Viedma la especulaci\u00f3n por parte del estado provincial mismo tambi\u00e9n eleva los alquileres a precios inalcanzables para las familias. Esto se da mientras por otro lado sigue el crecimiento de las inversiones en viviendas para especulaci\u00f3n en turismo en la cordillera y la costa, incluso con viviendas disponibles que cotizan en d\u00f3lares\u201d.<\/p>\n\n\n\n<p>Seguido a esto, Gavuzzo dijo: \u201clos datos son alarmantes, el 76,4% de los inquilinos e inquilinas de R\u00edo Negro, destinan entre el 40 y el 80% de sus ingresos s\u00f3lo para pagar el alquiler. Y esto lo sufren mucho m\u00e1s los adultos mayores, que destina entre el 90 y 100% de su ingreso. Esto explica por qu\u00e9 en R\u00edo Negro existen m\u00e1s de 12.600 casas hacinadas y en malas condiciones habitacionales\u201d.<\/p>\n\n\n\n<p>Gavuzzo seguro que \u201cdesde el Frente de Izquierda y nuestra lista Unir y Fortalecer la Izquierda, hemos presentado junto a Myriam Bregman diversos proyectos en el Congreso Nacional sobre este grave problema, que se sufre en todo el pa\u00eds. Proponemos terminar con el negocio de la especulaci\u00f3n inmobiliaria e intervenir en favor de los sectores que no tienen acceso a la vivienda, cuestionando los privilegios de los grandes grupos econ\u00f3micos ligados al turismo, a las multinacionales extractivistas y a las empresas ligadas a negocios con el estado. Planteamos que se aplique un impuesto progresivo a las empresas o grandes propietarios que tienen m\u00e1s de 5 viviendas ociosas. Queremos una ley de alquileres que beneficie al inquilino, no al propietario y las inmobiliarias. Y claramente llevar a cabo un plan de obras p\u00fablicas para la integraci\u00f3n de los barrios precarios y asentamientos\u201d.<\/p>\n<div class=\"fb-background-color\">\n\t\t\t  <div \n\t\t\t  \tclass = \"fb-comments\" \n\t\t\t  \tdata-href = \"https:\/\/www.elpolitologoyelpolitico.com.ar\/wordpress\/2023\/07\/21\/alhue-gavuzzo-la-vivienda-es-un-derecho-no-puede-ser-un-negocio\/\"\n\t\t\t  \tdata-numposts = \"10\"\n\t\t\t  \tdata-lazy = \"true\"\n\t\t\t\tdata-colorscheme = \"light\"\n\t\t\t\tdata-order-by = \"social\"\n\t\t\t\tdata-mobile=true>\n\t\t\t  <\/div><\/div>\n\t\t  <style>\n\t\t    .fb-background-color {\n\t\t\t\tbackground: #ffffff !important;\n\t\t\t}\n\t\t\t.fb_iframe_widget_fluid_desktop iframe {\n\t\t\t    width: 100% !important;\n\t\t\t}\n\t\t  <\/style>\n\t\t  ","protected":false},"excerpt":{"rendered":"<p>La precandidata a Diputada Nacional de R\u00edo Negro por parte de la Lista Unir y Fortalecer la Izquierda que lleva a Myriam Bregman a la Presidencia, se refiri\u00f3 a la grave situaci\u00f3n de alquileres y viviendas en la provincia. Alhue Gavuzzo, precandidata a Diputada Nacional por la lista del Frente de Izquierda que tiene como [&hellip;]<\/p>\n","protected":false},"author":4,"featured_media":32634,"comment_status":"closed","ping_status":"closed","sticky":false,"template":"","format":"standard","meta":{"_joinchat":[],"footnotes":""},"categories":[38],"tags":[],"class_list":["post-32633","post","type-post","status-publish","format-standard","has-post-thumbnail","hentry","category-elecciones"],"_links":{"self":[{"href":"https:\/\/www.elpolitologoyelpolitico.com.ar\/wordpress\/wp-json\/wp\/v2\/posts\/32633","targetHints":{"allow":["GET"]}}],"collection":[{"href":"https:\/\/www.elpolitologoyelpolitico.com.ar\/wordpress\/wp-json\/wp\/v2\/posts"}],"about":[{"href":"https:\/\/www.elpolitologoyelpolitico.com.ar\/wordpress\/wp-json\/wp\/v2\/types\/post"}],"author":[{"embeddable":true,"href":"https:\/\/www.elpolitologoyelpolitico.com.ar\/wordpress\/wp-json\/wp\/v2\/users\/4"}],"replies":[{"embeddable":true,"href":"https:\/\/www.elpolitologoyelpolitico.com.ar\/wordpress\/wp-json\/wp\/v2\/comments?post=32633"}],"version-history":[{"count":0,"href":"https:\/\/www.elpolitologoyelpolitico.com.ar\/wordpress\/wp-json\/wp\/v2\/posts\/32633\/revisions"}],"wp:featuredmedia":[{"embeddable":true,"href":"https:\/\/www.elpolitologoyelpolitico.com.ar\/wordpress\/wp-json\/wp\/v2\/media\/32634"}],"wp:attachment":[{"href":"https:\/\/www.elpolitologoyelpolitico.com.ar\/wordpress\/wp-json\/wp\/v2\/media?parent=32633"}],"wp:term":[{"taxonomy":"category","embeddable":true,"href":"https:\/\/www.elpolitologoyelpolitico.com.ar\/wordpress\/wp-json\/wp\/v2\/categories?post=32633"},{"taxonomy":"post_tag","embeddable":true,"href":"https:\/\/www.elpolitologoyelpolitico.com.ar\/wordpress\/wp-json\/wp\/v2\/tags?post=32633"}],"curies":[{"name":"wp","href":"https:\/\/api.w.org\/{rel}","templated":true}]}}