{"id":3263,"date":"2021-05-19T18:18:30","date_gmt":"2021-05-19T18:18:30","guid":{"rendered":"https:\/\/www.elpolitologoyelpolitico.com.ar\/wordpress\/?p=3263"},"modified":"2021-05-26T17:54:46","modified_gmt":"2021-05-26T17:54:46","slug":"tuvimos-un-compromiso-y-una-responsabilidad-del-intendente-muy-marcada","status":"publish","type":"post","link":"https:\/\/www.elpolitologoyelpolitico.com.ar\/wordpress\/2021\/05\/19\/tuvimos-un-compromiso-y-una-responsabilidad-del-intendente-muy-marcada\/","title":{"rendered":"\u201cTuvimos un compromiso y una responsabilidad del Intendente muy marcada\u201d"},"content":{"rendered":"\n<figure class=\"wp-block-audio\"><audio controls src=\"https:\/\/www.elpolitologoyelpolitico.com.ar\/wp-content\/uploads\/2021\/05\/WhatsApp-Audio-2021-05-19-at-5.56.09-PM-online-audio-converter.com_.mp3\"><\/audio><\/figure>\n\n\n\n<p>El Jefe de gabinete y gobierno de Viedma, Marcos Castro, &nbsp;expreso que ante el aumento de casos en la ciudad se vienen tomando medidas&nbsp; para detener el avance abrupto del Covid-19. &nbsp;<\/p>\n\n\n\n<p>\u201cEs una tarea&nbsp; que venimos llevando adelante con mucho compromiso municipal, que quien est\u00e1 en la cabeza el intendente Pedro Pesatti &nbsp;permanentemente nos pone en la situaci\u00f3n del contexto que estamos viviendo y nos exige estar a la altura de las circunstancias\u201d<\/p>\n\n\n\n<p>Durante el d\u00eda de ayer Castro mantuvo una reuni\u00f3n con el intendente Pesatti y los representantes de la actividad gastron\u00f3mica, comercial e industrial para solicitarle al Gobierno Provincial un esquema que permita que la actividad econ\u00f3mica pueda continuar recuper\u00e1ndose y fundamentalmente tratar de evitar el colapso del sistema sanitario desde el lugar de cada rubro.<\/p>\n\n\n\n<p>Entre las solicitudes se pide un cambio en la limitaci\u00f3n de la circulaci\u00f3n con el fin de llevarla de 23:00hs hasta las 06:00hs de lunes a viernes y los fines de semana de 23:00 hasta las 08:00hs del d\u00eda siguiente. Se espera que con esta implementaci\u00f3n, evitar las reuniones sociales y los encuentros familiares.<\/p>\n\n\n\n<p>\u201cEs necesario atacar lo que uno no ve, porque lo que sucede en un local gastron\u00f3mico o en un comercio uno permanentemente lo va viendo y analizando. Intentamos persuadir a los viedmenses para que los encuentros domiciliares no sucedan, seguramente esto va ser muy positivo para la situaci\u00f3n que estamos viviendo\u201d sostuvo&nbsp; el Jefe de Gabinete.<\/p>\n\n\n\n<p>Por otra parte, destac\u00f3 que el gobierno Viedmense ha llevado en este \u00faltimo tiempo un trabajo muy fuerte en las distintas \u00e1reas como lo son en obras p\u00fablicas, cultura y deporte.<\/p>\n\n\n\n<p>Con respecto a la Gobernabilidad del actual Intendente Pedro Pesatti y su Gesti\u00f3n , Marcos Castro declaro \u201cHoy se ve un gran avance en la Ciudad, pese a las adversidades que trajo la pandemia\u201d y agreg\u00f3 \u201cTuvimos un compromiso y una responsabilidad del intendente muy marcada, seguimos trabajando en ese esquema\u201d<\/p>\n<div class=\"fb-background-color\">\n\t\t\t  <div \n\t\t\t  \tclass = \"fb-comments\" \n\t\t\t  \tdata-href = \"https:\/\/www.elpolitologoyelpolitico.com.ar\/wordpress\/2021\/05\/19\/tuvimos-un-compromiso-y-una-responsabilidad-del-intendente-muy-marcada\/\"\n\t\t\t  \tdata-numposts = \"10\"\n\t\t\t  \tdata-lazy = \"true\"\n\t\t\t\tdata-colorscheme = \"light\"\n\t\t\t\tdata-order-by = \"social\"\n\t\t\t\tdata-mobile=true>\n\t\t\t  <\/div><\/div>\n\t\t  <style>\n\t\t    .fb-background-color {\n\t\t\t\tbackground: #ffffff !important;\n\t\t\t}\n\t\t\t.fb_iframe_widget_fluid_desktop iframe {\n\t\t\t    width: 100% !important;\n\t\t\t}\n\t\t  <\/style>\n\t\t  ","protected":false},"excerpt":{"rendered":"<p>El Jefe de gabinete y gobierno de Viedma, Marcos Castro, &nbsp;expreso que ante el aumento de casos en la ciudad se vienen tomando medidas&nbsp; para detener el avance abrupto del Covid-19. &nbsp; \u201cEs una tarea&nbsp; que venimos llevando adelante con mucho compromiso municipal, que quien est\u00e1 en la cabeza el intendente Pedro Pesatti &nbsp;permanentemente nos [&hellip;]<\/p>\n","protected":false},"author":4,"featured_media":3234,"comment_status":"closed","ping_status":"closed","sticky":false,"template":"","format":"standard","meta":{"_joinchat":[],"footnotes":""},"categories":[21],"tags":[],"class_list":["post-3263","post","type-post","status-publish","format-standard","has-post-thumbnail","hentry","category-actores-politicos"],"_links":{"self":[{"href":"https:\/\/www.elpolitologoyelpolitico.com.ar\/wordpress\/wp-json\/wp\/v2\/posts\/3263","targetHints":{"allow":["GET"]}}],"collection":[{"href":"https:\/\/www.elpolitologoyelpolitico.com.ar\/wordpress\/wp-json\/wp\/v2\/posts"}],"about":[{"href":"https:\/\/www.elpolitologoyelpolitico.com.ar\/wordpress\/wp-json\/wp\/v2\/types\/post"}],"author":[{"embeddable":true,"href":"https:\/\/www.elpolitologoyelpolitico.com.ar\/wordpress\/wp-json\/wp\/v2\/users\/4"}],"replies":[{"embeddable":true,"href":"https:\/\/www.elpolitologoyelpolitico.com.ar\/wordpress\/wp-json\/wp\/v2\/comments?post=3263"}],"version-history":[{"count":0,"href":"https:\/\/www.elpolitologoyelpolitico.com.ar\/wordpress\/wp-json\/wp\/v2\/posts\/3263\/revisions"}],"wp:featuredmedia":[{"embeddable":true,"href":"https:\/\/www.elpolitologoyelpolitico.com.ar\/wordpress\/wp-json\/wp\/v2\/media\/3234"}],"wp:attachment":[{"href":"https:\/\/www.elpolitologoyelpolitico.com.ar\/wordpress\/wp-json\/wp\/v2\/media?parent=3263"}],"wp:term":[{"taxonomy":"category","embeddable":true,"href":"https:\/\/www.elpolitologoyelpolitico.com.ar\/wordpress\/wp-json\/wp\/v2\/categories?post=3263"},{"taxonomy":"post_tag","embeddable":true,"href":"https:\/\/www.elpolitologoyelpolitico.com.ar\/wordpress\/wp-json\/wp\/v2\/tags?post=3263"}],"curies":[{"name":"wp","href":"https:\/\/api.w.org\/{rel}","templated":true}]}}