{"id":32621,"date":"2023-07-20T18:16:14","date_gmt":"2023-07-20T18:16:14","guid":{"rendered":"https:\/\/www.elpolitologoyelpolitico.com.ar\/wordpress\/?p=32621"},"modified":"2023-07-20T18:16:16","modified_gmt":"2023-07-20T18:16:16","slug":"el-gobierno-provincial-entrego-escrituras-a-familias-de-guardia-mitre","status":"publish","type":"post","link":"https:\/\/www.elpolitologoyelpolitico.com.ar\/wordpress\/2023\/07\/20\/el-gobierno-provincial-entrego-escrituras-a-familias-de-guardia-mitre\/","title":{"rendered":"El Gobierno Provincial entreg\u00f3 escrituras a familias de Guardia Mitre"},"content":{"rendered":"\n<p>En el marco del programa \u201cMi escritura, un derecho\u201d, la Gobernadora de R\u00edo Negro, Arabela Carreras, encabez\u00f3 hoy el acto de entrega de 17 escrituras de viviendas a vecinos y vecinas de Guardia Mitre.<\/p>\n\n\n\n<p>\u201cEste es un momento muy importante porque a trav\u00e9s de distintas pol\u00edticas p\u00fablicas estamos buscando cambiar la situaci\u00f3n de tenencia irregular de la tierra a lo largo y ancho de toda la provincia\u201d, se\u00f1al\u00f3 Carreras.<\/p>\n\n\n\n<p>En cuanto al funcionamiento del programa \u201cMi escritura, un derecho\u201d, la Mandataria expres\u00f3 que el mismo \u201cbusca completar el derecho de las familias a poder acceder a la tierra y la vivienda a trav\u00e9s de la facilitaci\u00f3n del tr\u00e1mite de titularizaci\u00f3n dominial, un beneficio al que ya accedieron cientos de familias rionegrinas\u201d.<\/p>\n\n\n\n<p>Por su parte, el intendente de Guardia Mitre, Angel Zingoni, destac\u00f3 el compromiso y trabajo conjunto al Gobierno Provincial, \u201csabemos lo importante que es para los y las vecinas poder acceder&nbsp; a este beneficio tan fundamental que es el acceso al t\u00edtulo de su propiedad\u201d.<\/p>\n\n\n\n<p>Cabe destacar que esta pol\u00edtica p\u00fablica promueve y acompa\u00f1a a la regularizaci\u00f3n dominial de tierras fiscales de la provincia, garantizando que las y los rionegrinos obtengan su t\u00edtulo de propiedad de manera gratuita.<\/p>\n\n\n\n<p>En este marco, se prioriza en el tr\u00e1mite a las mujeres y personas que vivan en situaci\u00f3n de vulnerabilidad, siempre que sean poseedores con causa l\u00edcita y ocupen inmuebles edificados urbanos, que tengan como destino principal el de casa habitaci\u00f3n permanente y que sean de titularidad registral del Estado provincial y\/o municipal.<\/p>\n\n\n\n<p>Participaron del acto el ministro de Jefatura de Gabinete, Pablo Zucaro; el ministro de Gobierno y Comunidad, Mariano Ferrari; el Legislador, Marcelo Szczygol; el presidente de Vialidad Rionegrina, Raul Gr\u00fcn; el gerente del Parque Productivo, Industrial &nbsp;y Tecnol\u00f3gico de Bariloche (PITBA), Lorenzo Raggio; y dem\u00e1s autoridades provinciales y municipales.<\/p>\n<div class=\"fb-background-color\">\n\t\t\t  <div \n\t\t\t  \tclass = \"fb-comments\" \n\t\t\t  \tdata-href = \"https:\/\/www.elpolitologoyelpolitico.com.ar\/wordpress\/2023\/07\/20\/el-gobierno-provincial-entrego-escrituras-a-familias-de-guardia-mitre\/\"\n\t\t\t  \tdata-numposts = \"10\"\n\t\t\t  \tdata-lazy = \"true\"\n\t\t\t\tdata-colorscheme = \"light\"\n\t\t\t\tdata-order-by = \"social\"\n\t\t\t\tdata-mobile=true>\n\t\t\t  <\/div><\/div>\n\t\t  <style>\n\t\t    .fb-background-color {\n\t\t\t\tbackground: #ffffff !important;\n\t\t\t}\n\t\t\t.fb_iframe_widget_fluid_desktop iframe {\n\t\t\t    width: 100% !important;\n\t\t\t}\n\t\t  <\/style>\n\t\t  ","protected":false},"excerpt":{"rendered":"<p>En el marco del programa \u201cMi escritura, un derecho\u201d, la Gobernadora de R\u00edo Negro, Arabela Carreras, encabez\u00f3 hoy el acto de entrega de 17 escrituras de viviendas a vecinos y vecinas de Guardia Mitre. \u201cEste es un momento muy importante porque a trav\u00e9s de distintas pol\u00edticas p\u00fablicas estamos buscando cambiar la situaci\u00f3n de tenencia irregular [&hellip;]<\/p>\n","protected":false},"author":4,"featured_media":32622,"comment_status":"closed","ping_status":"closed","sticky":false,"template":"","format":"standard","meta":{"_joinchat":[],"footnotes":""},"categories":[1],"tags":[],"class_list":["post-32621","post","type-post","status-publish","format-standard","has-post-thumbnail","hentry","category-universitario"],"_links":{"self":[{"href":"https:\/\/www.elpolitologoyelpolitico.com.ar\/wordpress\/wp-json\/wp\/v2\/posts\/32621","targetHints":{"allow":["GET"]}}],"collection":[{"href":"https:\/\/www.elpolitologoyelpolitico.com.ar\/wordpress\/wp-json\/wp\/v2\/posts"}],"about":[{"href":"https:\/\/www.elpolitologoyelpolitico.com.ar\/wordpress\/wp-json\/wp\/v2\/types\/post"}],"author":[{"embeddable":true,"href":"https:\/\/www.elpolitologoyelpolitico.com.ar\/wordpress\/wp-json\/wp\/v2\/users\/4"}],"replies":[{"embeddable":true,"href":"https:\/\/www.elpolitologoyelpolitico.com.ar\/wordpress\/wp-json\/wp\/v2\/comments?post=32621"}],"version-history":[{"count":0,"href":"https:\/\/www.elpolitologoyelpolitico.com.ar\/wordpress\/wp-json\/wp\/v2\/posts\/32621\/revisions"}],"wp:featuredmedia":[{"embeddable":true,"href":"https:\/\/www.elpolitologoyelpolitico.com.ar\/wordpress\/wp-json\/wp\/v2\/media\/32622"}],"wp:attachment":[{"href":"https:\/\/www.elpolitologoyelpolitico.com.ar\/wordpress\/wp-json\/wp\/v2\/media?parent=32621"}],"wp:term":[{"taxonomy":"category","embeddable":true,"href":"https:\/\/www.elpolitologoyelpolitico.com.ar\/wordpress\/wp-json\/wp\/v2\/categories?post=32621"},{"taxonomy":"post_tag","embeddable":true,"href":"https:\/\/www.elpolitologoyelpolitico.com.ar\/wordpress\/wp-json\/wp\/v2\/tags?post=32621"}],"curies":[{"name":"wp","href":"https:\/\/api.w.org\/{rel}","templated":true}]}}