{"id":32609,"date":"2023-07-20T15:56:54","date_gmt":"2023-07-20T15:56:54","guid":{"rendered":"https:\/\/www.elpolitologoyelpolitico.com.ar\/wordpress\/?p=32609"},"modified":"2023-07-20T15:56:56","modified_gmt":"2023-07-20T15:56:56","slug":"la-provincia-manifesto-su-preocupacion-por-el-estado-de-la-ruta-nacional-40","status":"publish","type":"post","link":"https:\/\/www.elpolitologoyelpolitico.com.ar\/wordpress\/2023\/07\/20\/la-provincia-manifesto-su-preocupacion-por-el-estado-de-la-ruta-nacional-40\/","title":{"rendered":"La Provincia manifest\u00f3 su preocupaci\u00f3n por el estado de la Ruta Nacional 40"},"content":{"rendered":"\n<p>El Gobierno de R\u00edo Negro manifest\u00f3 a Vialidad Nacional su preocupaci\u00f3n por el estado de la Ruta Nacional 40, especialmente en cercan\u00edas de El Foyel, y enumer\u00f3 las gestiones que se llevaron adelante en los \u00faltimos tiempos para buscar una soluci\u00f3n a esta situaci\u00f3n.<\/p>\n\n\n\n<p>En una nota enviada a las autoridades de Vialidad Nacional, el Ministro de Turismo y Deportes, Diego Cannestraci, pidi\u00f3 la urgente intervenci\u00f3n y mantenimiento de la traza, especialmente ante la elevada demanda de tr\u00e1nsito que vive la regi\u00f3n en relaci\u00f3n con la temporada alta tur\u00edstica de invierno.<\/p>\n\n\n\n<p>Para el Ministro, es \u201cde suma gravedad el estado de deterioro de la calzada, especialmente en el tramo comprendido entre el lago Guillelmo, dentro del Parque Nacional Nahuel Huapi y la zona de Los Repollos, pr\u00f3xima a El Bols\u00f3n\u201d. As\u00ed lo manifest\u00f3 en la nota dirigida al Gerente Ejecutivo de Regiones, Patricio Garc\u00eda, y al Jefe Subrogante del Distrito R\u00edo Negro de Vialidad Nacional, Mart\u00edn Izaguirre.<\/p>\n\n\n\n<p>Cannestraci solicit\u00f3 que \u201cse disponga planificar un mantenimiento preventivo y\/o permanente para los pr\u00f3ximos meses en los que se mantendr\u00e1 la alta demanda tur\u00edstica y hasta tanto se puedan realizar las obras de mejora definitivas de la cinta asf\u00e1ltica\u201d. Todo esto, sin perjuicio de \u201cprever el control de las dimensiones y los l\u00edmites de carga por eje de los veh\u00edculos que transitan por los tramos descriptos que, como es de p\u00fablico y notorio, contribuyen al deterioro de la misma\u201d.<\/p>\n\n\n\n<p>Adem\u00e1s, remarca que la conservaci\u00f3n del Sistema Nacional de Caminos es responsabilidad de la Direcci\u00f3n Nacional de Vialidad, de acuerdo a lo establecido por Ley 14.467.<\/p>\n\n\n\n<p>La nota enviada hoy se suma a diversas gestiones realizadas en los \u00faltimos a\u00f1os por autoridades provinciales ante la Naci\u00f3n. El Ministro de Obras y Servicios P\u00fablicos, Carlos Valeri, mantuvo diferentes reuniones de trabajo con el titular de Vialidad Nacional, Gustavo Arrieta, y el Ministro de Obras P\u00fablicas de la Naci\u00f3n, Gabriel Katopodis, para tratar de avanzar en una soluci\u00f3n a este tema, al igual que por la terminaci\u00f3n y el mantenimiento de las Rutas Nacionales 22 y 23.<\/p>\n\n\n\n<p>A partir del invierno del a\u00f1o pasado se produjo un gran deterioro de la Ruta Nacional 40, construida en 1994. En ese momento, tras gestiones de la Provincia se logr\u00f3 un compromiso de Vialidad Nacional para ejecutar tareas de bacheo durante el invierno, para luego avanzar en la repavimentaci\u00f3n cuando el clima lo permitiera. Sin embargo, esa \u00faltima obra nunca se materializ\u00f3.<\/p>\n\n\n\n<p>Del mismo modo, se hicieron gestiones desde el Ministerio de Turismo y Deportes de R\u00edo Negro y Vialidad Rionegrina ante el ex Delegado de Vialidad Nacional en la provincia, Gustavo Casas.<\/p>\n<div class=\"fb-background-color\">\n\t\t\t  <div \n\t\t\t  \tclass = \"fb-comments\" \n\t\t\t  \tdata-href = \"https:\/\/www.elpolitologoyelpolitico.com.ar\/wordpress\/2023\/07\/20\/la-provincia-manifesto-su-preocupacion-por-el-estado-de-la-ruta-nacional-40\/\"\n\t\t\t  \tdata-numposts = \"10\"\n\t\t\t  \tdata-lazy = \"true\"\n\t\t\t\tdata-colorscheme = \"light\"\n\t\t\t\tdata-order-by = \"social\"\n\t\t\t\tdata-mobile=true>\n\t\t\t  <\/div><\/div>\n\t\t  <style>\n\t\t    .fb-background-color {\n\t\t\t\tbackground: #ffffff !important;\n\t\t\t}\n\t\t\t.fb_iframe_widget_fluid_desktop iframe {\n\t\t\t    width: 100% !important;\n\t\t\t}\n\t\t  <\/style>\n\t\t  ","protected":false},"excerpt":{"rendered":"<p>El Gobierno de R\u00edo Negro manifest\u00f3 a Vialidad Nacional su preocupaci\u00f3n por el estado de la Ruta Nacional 40, especialmente en cercan\u00edas de El Foyel, y enumer\u00f3 las gestiones que se llevaron adelante en los \u00faltimos tiempos para buscar una soluci\u00f3n a esta situaci\u00f3n. En una nota enviada a las autoridades de Vialidad Nacional, el [&hellip;]<\/p>\n","protected":false},"author":4,"featured_media":32610,"comment_status":"closed","ping_status":"closed","sticky":false,"template":"","format":"standard","meta":{"_joinchat":[],"footnotes":""},"categories":[39],"tags":[],"class_list":["post-32609","post","type-post","status-publish","format-standard","has-post-thumbnail","hentry","category-en-esta-seccion"],"_links":{"self":[{"href":"https:\/\/www.elpolitologoyelpolitico.com.ar\/wordpress\/wp-json\/wp\/v2\/posts\/32609","targetHints":{"allow":["GET"]}}],"collection":[{"href":"https:\/\/www.elpolitologoyelpolitico.com.ar\/wordpress\/wp-json\/wp\/v2\/posts"}],"about":[{"href":"https:\/\/www.elpolitologoyelpolitico.com.ar\/wordpress\/wp-json\/wp\/v2\/types\/post"}],"author":[{"embeddable":true,"href":"https:\/\/www.elpolitologoyelpolitico.com.ar\/wordpress\/wp-json\/wp\/v2\/users\/4"}],"replies":[{"embeddable":true,"href":"https:\/\/www.elpolitologoyelpolitico.com.ar\/wordpress\/wp-json\/wp\/v2\/comments?post=32609"}],"version-history":[{"count":0,"href":"https:\/\/www.elpolitologoyelpolitico.com.ar\/wordpress\/wp-json\/wp\/v2\/posts\/32609\/revisions"}],"wp:featuredmedia":[{"embeddable":true,"href":"https:\/\/www.elpolitologoyelpolitico.com.ar\/wordpress\/wp-json\/wp\/v2\/media\/32610"}],"wp:attachment":[{"href":"https:\/\/www.elpolitologoyelpolitico.com.ar\/wordpress\/wp-json\/wp\/v2\/media?parent=32609"}],"wp:term":[{"taxonomy":"category","embeddable":true,"href":"https:\/\/www.elpolitologoyelpolitico.com.ar\/wordpress\/wp-json\/wp\/v2\/categories?post=32609"},{"taxonomy":"post_tag","embeddable":true,"href":"https:\/\/www.elpolitologoyelpolitico.com.ar\/wordpress\/wp-json\/wp\/v2\/tags?post=32609"}],"curies":[{"name":"wp","href":"https:\/\/api.w.org\/{rel}","templated":true}]}}