{"id":32606,"date":"2023-07-20T15:07:44","date_gmt":"2023-07-20T15:07:44","guid":{"rendered":"https:\/\/www.elpolitologoyelpolitico.com.ar\/wordpress\/?p=32606"},"modified":"2023-07-20T15:07:46","modified_gmt":"2023-07-20T15:07:46","slug":"victoria-alippi-presenta-su-libro-lunas-de-poder-el-origen-de-las-mujeres-magicas","status":"publish","type":"post","link":"https:\/\/www.elpolitologoyelpolitico.com.ar\/wordpress\/2023\/07\/20\/victoria-alippi-presenta-su-libro-lunas-de-poder-el-origen-de-las-mujeres-magicas\/","title":{"rendered":"Victoria Alippi presenta su libro \u201cLunas de poder: el origen de las mujeres m\u00e1gicas\u201d"},"content":{"rendered":"\n<p>Este viernes 21 de julio a partir de las 19, en la Sala Biagetti del Centro Cultural, la escritora Victoria Alippi presenta su libro \u201cLunas de poder: el origen de las mujeres m\u00e1gicas\u201d<br>Victoria Alippi naci\u00f3 en Viedma, Rio Negro, en octubre de 1990. Curiosa e inquieta, estudi\u00f3 obstetricia, realiz\u00f3 un profesorado de yoga y se form\u00f3 como coach ontol\u00f3gica.<br>Es una apasionada del arte en todas sus formas de expresi\u00f3n, aunque los libros son especiales ella.<\/p>\n\n\n\n<p>El origen de las Mujeres M\u00e1gicas<br>En el lejano reino de Lontock nace la esperanza que podr\u00eda poner fin a los crecientes conflictos humanos.<\/p>\n\n\n\n<p>Los seres m\u00e1gicos buscar\u00e1n la manera de encontrar una soluci\u00f3n. Pero ser\u00e1 Helena, a trav\u00e9s de sus poderes de luna nueva, quien emprender\u00e1 una larga aventura por el Continente para ponerle fin al mal que acecha.<\/p>\n<div class=\"fb-background-color\">\n\t\t\t  <div \n\t\t\t  \tclass = \"fb-comments\" \n\t\t\t  \tdata-href = \"https:\/\/www.elpolitologoyelpolitico.com.ar\/wordpress\/2023\/07\/20\/victoria-alippi-presenta-su-libro-lunas-de-poder-el-origen-de-las-mujeres-magicas\/\"\n\t\t\t  \tdata-numposts = \"10\"\n\t\t\t  \tdata-lazy = \"true\"\n\t\t\t\tdata-colorscheme = \"light\"\n\t\t\t\tdata-order-by = \"social\"\n\t\t\t\tdata-mobile=true>\n\t\t\t  <\/div><\/div>\n\t\t  <style>\n\t\t    .fb-background-color {\n\t\t\t\tbackground: #ffffff !important;\n\t\t\t}\n\t\t\t.fb_iframe_widget_fluid_desktop iframe {\n\t\t\t    width: 100% !important;\n\t\t\t}\n\t\t  <\/style>\n\t\t  ","protected":false},"excerpt":{"rendered":"<p>Este viernes 21 de julio a partir de las 19, en la Sala Biagetti del Centro Cultural, la escritora Victoria Alippi presenta su libro \u201cLunas de poder: el origen de las mujeres m\u00e1gicas\u201dVictoria Alippi naci\u00f3 en Viedma, Rio Negro, en octubre de 1990. Curiosa e inquieta, estudi\u00f3 obstetricia, realiz\u00f3 un profesorado de yoga y se [&hellip;]<\/p>\n","protected":false},"author":4,"featured_media":32607,"comment_status":"closed","ping_status":"closed","sticky":false,"template":"","format":"standard","meta":{"_joinchat":[],"footnotes":""},"categories":[39],"tags":[],"class_list":["post-32606","post","type-post","status-publish","format-standard","has-post-thumbnail","hentry","category-en-esta-seccion"],"_links":{"self":[{"href":"https:\/\/www.elpolitologoyelpolitico.com.ar\/wordpress\/wp-json\/wp\/v2\/posts\/32606","targetHints":{"allow":["GET"]}}],"collection":[{"href":"https:\/\/www.elpolitologoyelpolitico.com.ar\/wordpress\/wp-json\/wp\/v2\/posts"}],"about":[{"href":"https:\/\/www.elpolitologoyelpolitico.com.ar\/wordpress\/wp-json\/wp\/v2\/types\/post"}],"author":[{"embeddable":true,"href":"https:\/\/www.elpolitologoyelpolitico.com.ar\/wordpress\/wp-json\/wp\/v2\/users\/4"}],"replies":[{"embeddable":true,"href":"https:\/\/www.elpolitologoyelpolitico.com.ar\/wordpress\/wp-json\/wp\/v2\/comments?post=32606"}],"version-history":[{"count":0,"href":"https:\/\/www.elpolitologoyelpolitico.com.ar\/wordpress\/wp-json\/wp\/v2\/posts\/32606\/revisions"}],"wp:featuredmedia":[{"embeddable":true,"href":"https:\/\/www.elpolitologoyelpolitico.com.ar\/wordpress\/wp-json\/wp\/v2\/media\/32607"}],"wp:attachment":[{"href":"https:\/\/www.elpolitologoyelpolitico.com.ar\/wordpress\/wp-json\/wp\/v2\/media?parent=32606"}],"wp:term":[{"taxonomy":"category","embeddable":true,"href":"https:\/\/www.elpolitologoyelpolitico.com.ar\/wordpress\/wp-json\/wp\/v2\/categories?post=32606"},{"taxonomy":"post_tag","embeddable":true,"href":"https:\/\/www.elpolitologoyelpolitico.com.ar\/wordpress\/wp-json\/wp\/v2\/tags?post=32606"}],"curies":[{"name":"wp","href":"https:\/\/api.w.org\/{rel}","templated":true}]}}