{"id":32596,"date":"2023-07-20T00:11:59","date_gmt":"2023-07-20T00:11:59","guid":{"rendered":"https:\/\/www.elpolitologoyelpolitico.com.ar\/wordpress\/?p=32596"},"modified":"2023-07-20T03:21:23","modified_gmt":"2023-07-20T03:21:23","slug":"encontraron-a-una-mujer-estrangulada-a-kilomentros-del-partido-de-patagones","status":"publish","type":"post","link":"https:\/\/www.elpolitologoyelpolitico.com.ar\/wordpress\/2023\/07\/20\/encontraron-a-una-mujer-estrangulada-a-kilomentros-del-partido-de-patagones\/","title":{"rendered":"Encontraron a una mujer estrangulada a kilomentros del Partido de Patagones"},"content":{"rendered":"\n<p>Una mujer de 35 a\u00f1os fue encontrada sin signos vitales y con marcas de estrangulamiento en su cuello en su vivienda ubicada en la localidad bonaerense de&nbsp;Hilario Ascasubi, perteneciente al partido de&nbsp;Villarino.<\/p>\n\n\n\n<p>Los investigadores se\u00f1alaron que podr\u00eda haberse tratado de un&nbsp;femicidio&nbsp;pero, hasta el momento, no se realiz\u00f3 ninguna detenci\u00f3n por el caso.<\/p>\n\n\n\n<p>El hecho ocurri\u00f3 el martes 18 de julio a las 12:30 horas aproximadamente, cuando la prima de la v\u00edctima, identificada como&nbsp;Ver\u00f3nica Aban, ingres\u00f3 a la casa situada en la calle 16 entre 21 y 23 del pueblo y se top\u00f3 con que el cuerpo de la fallecida se encontraba tendido en el suelo.<\/p>\n\n\n\n<p>Acto seguido, la familiar se comunic\u00f3 con la polic\u00eda para informar lo sucedido.<\/p>\n\n\n\n<p>Los agentes de seguridad se presentaron en el domicilio junto al personal sanitario del \u00e1rea de emergencias del hospital municipal, quienes constataron el fallecimiento de la mujer tras haber inspeccionado a Aban. A ra\u00edz del examen visual, el m\u00e9dico legista determin\u00f3 que a simple vista se pod\u00eda notar que sufri\u00f3 \u201casfixia mec\u00e1nica\u201d en su boca y que tambi\u00e9n presentaba signos de violencia en el cuello.<\/p>\n\n\n\n<p>De la misma forma, el especialista en salud apunt\u00f3 que exist\u00edan marcas defensivas en los antebrazos y en el dorso de las manos, por lo que la v\u00edctima fue trasladada a la morgue para que se le practicara una autopsia que pueda determinar la causa de la muerte.<\/p>\n\n\n\n<p>El presunto caso de femicidio qued\u00f3 a cargo del fiscal&nbsp;Jorge Virgo, de la Unidad Funcional de Instrucci\u00f3n (UFI) N\u00b05 especializada en Homicidios del Departamento Judicial Bah\u00eda Blanca, el ayudante fiscal de Villarino,&nbsp;Ariel Garc\u00eda Dimas, y el auxiliar letrado&nbsp;Nicol\u00e1s Paggi.<\/p>\n\n\n\n<p>La Polic\u00eda Cient\u00edfica preserv\u00f3 el lugar para que se puedan realizar las pericias necesarias, luego de que mencionaran que la puerta y el interior de la vivienda no ten\u00edan signos de haber sido violentados.<\/p>\n\n\n\n<p>En este sentido, los investigadores apuntaron a que podr\u00eda tratarse de la pareja de Aban, cuya identidad permanece reservada. Se conoci\u00f3 que es parte de la&nbsp;Polic\u00eda Bonaerense&nbsp;y que cumple sus funciones en el Conurbano. No obstante, por el momento no se orden\u00f3 ninguna detenci\u00f3n.<\/p>\n\n\n\n<figure class=\"wp-block-image size-large\"><img fetchpriority=\"high\" decoding=\"async\" width=\"1024\" height=\"575\" src=\"https:\/\/www.elpolitologoyelpolitico.com.ar\/wp-content\/uploads\/2023\/07\/IMG-20230719-WA0018-1024x575.jpg\" alt=\"\" class=\"wp-image-32598\" srcset=\"https:\/\/www.elpolitologoyelpolitico.com.ar\/wp-content\/uploads\/2023\/07\/IMG-20230719-WA0018-1024x575.jpg 1024w, https:\/\/www.elpolitologoyelpolitico.com.ar\/wp-content\/uploads\/2023\/07\/IMG-20230719-WA0018-300x169.jpg 300w, https:\/\/www.elpolitologoyelpolitico.com.ar\/wp-content\/uploads\/2023\/07\/IMG-20230719-WA0018-768x431.jpg 768w, https:\/\/www.elpolitologoyelpolitico.com.ar\/wp-content\/uploads\/2023\/07\/IMG-20230719-WA0018.jpg 1200w\" sizes=\"(max-width: 1024px) 100vw, 1024px\" \/><figcaption>,<\/figcaption><\/figure>\n<div class=\"fb-background-color\">\n\t\t\t  <div \n\t\t\t  \tclass = \"fb-comments\" \n\t\t\t  \tdata-href = \"https:\/\/www.elpolitologoyelpolitico.com.ar\/wordpress\/2023\/07\/20\/encontraron-a-una-mujer-estrangulada-a-kilomentros-del-partido-de-patagones\/\"\n\t\t\t  \tdata-numposts = \"10\"\n\t\t\t  \tdata-lazy = \"true\"\n\t\t\t\tdata-colorscheme = \"light\"\n\t\t\t\tdata-order-by = \"social\"\n\t\t\t\tdata-mobile=true>\n\t\t\t  <\/div><\/div>\n\t\t  <style>\n\t\t    .fb-background-color {\n\t\t\t\tbackground: #ffffff !important;\n\t\t\t}\n\t\t\t.fb_iframe_widget_fluid_desktop iframe {\n\t\t\t    width: 100% !important;\n\t\t\t}\n\t\t  <\/style>\n\t\t  ","protected":false},"excerpt":{"rendered":"<p>Una mujer de 35 a\u00f1os fue encontrada sin signos vitales y con marcas de estrangulamiento en su cuello en su vivienda ubicada en la localidad bonaerense de&nbsp;Hilario Ascasubi, perteneciente al partido de&nbsp;Villarino. Los investigadores se\u00f1alaron que podr\u00eda haberse tratado de un&nbsp;femicidio&nbsp;pero, hasta el momento, no se realiz\u00f3 ninguna detenci\u00f3n por el caso. El hecho ocurri\u00f3 [&hellip;]<\/p>\n","protected":false},"author":4,"featured_media":32605,"comment_status":"closed","ping_status":"closed","sticky":false,"template":"","format":"standard","meta":{"_joinchat":[],"footnotes":""},"categories":[39],"tags":[],"class_list":["post-32596","post","type-post","status-publish","format-standard","has-post-thumbnail","hentry","category-en-esta-seccion"],"_links":{"self":[{"href":"https:\/\/www.elpolitologoyelpolitico.com.ar\/wordpress\/wp-json\/wp\/v2\/posts\/32596","targetHints":{"allow":["GET"]}}],"collection":[{"href":"https:\/\/www.elpolitologoyelpolitico.com.ar\/wordpress\/wp-json\/wp\/v2\/posts"}],"about":[{"href":"https:\/\/www.elpolitologoyelpolitico.com.ar\/wordpress\/wp-json\/wp\/v2\/types\/post"}],"author":[{"embeddable":true,"href":"https:\/\/www.elpolitologoyelpolitico.com.ar\/wordpress\/wp-json\/wp\/v2\/users\/4"}],"replies":[{"embeddable":true,"href":"https:\/\/www.elpolitologoyelpolitico.com.ar\/wordpress\/wp-json\/wp\/v2\/comments?post=32596"}],"version-history":[{"count":0,"href":"https:\/\/www.elpolitologoyelpolitico.com.ar\/wordpress\/wp-json\/wp\/v2\/posts\/32596\/revisions"}],"wp:featuredmedia":[{"embeddable":true,"href":"https:\/\/www.elpolitologoyelpolitico.com.ar\/wordpress\/wp-json\/wp\/v2\/media\/32605"}],"wp:attachment":[{"href":"https:\/\/www.elpolitologoyelpolitico.com.ar\/wordpress\/wp-json\/wp\/v2\/media?parent=32596"}],"wp:term":[{"taxonomy":"category","embeddable":true,"href":"https:\/\/www.elpolitologoyelpolitico.com.ar\/wordpress\/wp-json\/wp\/v2\/categories?post=32596"},{"taxonomy":"post_tag","embeddable":true,"href":"https:\/\/www.elpolitologoyelpolitico.com.ar\/wordpress\/wp-json\/wp\/v2\/tags?post=32596"}],"curies":[{"name":"wp","href":"https:\/\/api.w.org\/{rel}","templated":true}]}}