{"id":32593,"date":"2023-07-19T23:58:01","date_gmt":"2023-07-19T23:58:01","guid":{"rendered":"https:\/\/www.elpolitologoyelpolitico.com.ar\/wordpress\/?p=32593"},"modified":"2023-07-19T23:58:03","modified_gmt":"2023-07-19T23:58:03","slug":"se-viene-la-2-funcion-de-veo-veo-que-veo-el-monte-en-el-centro-cultura","status":"publish","type":"post","link":"https:\/\/www.elpolitologoyelpolitico.com.ar\/wordpress\/2023\/07\/19\/se-viene-la-2-funcion-de-veo-veo-que-veo-el-monte-en-el-centro-cultura\/","title":{"rendered":"Se viene la 2\u00b0 funci\u00f3n de VEO, VEO\u2026 \u00a1QUE VEO EL MONTE! en el Centro Cultura"},"content":{"rendered":"\n<p>Ma\u00f1ana, jueves 20 de julio a partir de las 16hs en el Centro Cultural se viene la segunda funci\u00f3n de VEO, VEO\u2026 \u00a1QUE VEO EL MONTE! de la mano de la reconocida narradora Anyela Cuellar.<\/p>\n\n\n\n<p>Las entradas tienen un valor de $2000, para adquirirlas los interesados pueden comunicarse al 2920-665868.<\/p>\n\n\n\n<p>Una obra de narraci\u00f3n oral, declarada de inter\u00e9s Cultural y Educativo por el Concejo Deliberante que nos invita a sumergirnos en el Monte Patag\u00f3nico, explorando su flora, su fauna y su estrecha relaci\u00f3n con la vida humana. A trav\u00e9s de una combinaci\u00f3n de textos propios y originales, jitanj\u00e1foras, retah\u00edlas, poemas narrativos, veo veo y coplas, nos adentraremos en un recorrido que mezcla lo m\u00e1gico y lo real.<\/p>\n\n\n\n<p>Esta obra conecta los saberes ancestrales como datos significativos para el presente, creando un v\u00ednculo intergeneracional y resaltando la importancia de preservar el Monte como un lugar esencial que habitamos y debemos preservar.<\/p>\n\n\n\n<p>Los textos, que destacan la biodiversidad del Monte, cobran vida en polifon\u00edas que nos transportan a trav\u00e9s de personajes, historias y situaciones cautivadoras.<\/p>\n\n\n\n<p>Los bi\u00f3logos Mauricio Failla y Patricia Boeri brindaron informaci\u00f3n valiosa para el enriquecimiento de esta experiencia donde se combina la narraci\u00f3n oral, el conocimiento cient\u00edfico y el arte textil.<\/p>\n\n\n\n<p>Esta propuesta fue una de las ganadoras del concurso \u00abVida Narrada\u00bb de la Fundaci\u00f3n Williams que tiene dentro de sus objetivos, apoyar la narraci\u00f3n oral como lenguaje art\u00edstico y fomentar el cruce con otras disciplinas.<\/p>\n<div class=\"fb-background-color\">\n\t\t\t  <div \n\t\t\t  \tclass = \"fb-comments\" \n\t\t\t  \tdata-href = \"https:\/\/www.elpolitologoyelpolitico.com.ar\/wordpress\/2023\/07\/19\/se-viene-la-2-funcion-de-veo-veo-que-veo-el-monte-en-el-centro-cultura\/\"\n\t\t\t  \tdata-numposts = \"10\"\n\t\t\t  \tdata-lazy = \"true\"\n\t\t\t\tdata-colorscheme = \"light\"\n\t\t\t\tdata-order-by = \"social\"\n\t\t\t\tdata-mobile=true>\n\t\t\t  <\/div><\/div>\n\t\t  <style>\n\t\t    .fb-background-color {\n\t\t\t\tbackground: #ffffff !important;\n\t\t\t}\n\t\t\t.fb_iframe_widget_fluid_desktop iframe {\n\t\t\t    width: 100% !important;\n\t\t\t}\n\t\t  <\/style>\n\t\t  ","protected":false},"excerpt":{"rendered":"<p>Ma\u00f1ana, jueves 20 de julio a partir de las 16hs en el Centro Cultural se viene la segunda funci\u00f3n de VEO, VEO\u2026 \u00a1QUE VEO EL MONTE! de la mano de la reconocida narradora Anyela Cuellar. Las entradas tienen un valor de $2000, para adquirirlas los interesados pueden comunicarse al 2920-665868. Una obra de narraci\u00f3n oral, [&hellip;]<\/p>\n","protected":false},"author":4,"featured_media":32594,"comment_status":"closed","ping_status":"closed","sticky":false,"template":"","format":"standard","meta":{"_joinchat":[],"footnotes":""},"categories":[39],"tags":[],"class_list":["post-32593","post","type-post","status-publish","format-standard","has-post-thumbnail","hentry","category-en-esta-seccion"],"_links":{"self":[{"href":"https:\/\/www.elpolitologoyelpolitico.com.ar\/wordpress\/wp-json\/wp\/v2\/posts\/32593","targetHints":{"allow":["GET"]}}],"collection":[{"href":"https:\/\/www.elpolitologoyelpolitico.com.ar\/wordpress\/wp-json\/wp\/v2\/posts"}],"about":[{"href":"https:\/\/www.elpolitologoyelpolitico.com.ar\/wordpress\/wp-json\/wp\/v2\/types\/post"}],"author":[{"embeddable":true,"href":"https:\/\/www.elpolitologoyelpolitico.com.ar\/wordpress\/wp-json\/wp\/v2\/users\/4"}],"replies":[{"embeddable":true,"href":"https:\/\/www.elpolitologoyelpolitico.com.ar\/wordpress\/wp-json\/wp\/v2\/comments?post=32593"}],"version-history":[{"count":0,"href":"https:\/\/www.elpolitologoyelpolitico.com.ar\/wordpress\/wp-json\/wp\/v2\/posts\/32593\/revisions"}],"wp:featuredmedia":[{"embeddable":true,"href":"https:\/\/www.elpolitologoyelpolitico.com.ar\/wordpress\/wp-json\/wp\/v2\/media\/32594"}],"wp:attachment":[{"href":"https:\/\/www.elpolitologoyelpolitico.com.ar\/wordpress\/wp-json\/wp\/v2\/media?parent=32593"}],"wp:term":[{"taxonomy":"category","embeddable":true,"href":"https:\/\/www.elpolitologoyelpolitico.com.ar\/wordpress\/wp-json\/wp\/v2\/categories?post=32593"},{"taxonomy":"post_tag","embeddable":true,"href":"https:\/\/www.elpolitologoyelpolitico.com.ar\/wordpress\/wp-json\/wp\/v2\/tags?post=32593"}],"curies":[{"name":"wp","href":"https:\/\/api.w.org\/{rel}","templated":true}]}}