{"id":32588,"date":"2023-07-19T23:20:22","date_gmt":"2023-07-19T23:20:22","guid":{"rendered":"https:\/\/www.elpolitologoyelpolitico.com.ar\/wordpress\/?p=32588"},"modified":"2023-07-19T23:20:24","modified_gmt":"2023-07-19T23:20:24","slug":"mayer-nuevamente-llevo-a-patagones-al-podio-en-ciclismo","status":"publish","type":"post","link":"https:\/\/www.elpolitologoyelpolitico.com.ar\/wordpress\/2023\/07\/19\/mayer-nuevamente-llevo-a-patagones-al-podio-en-ciclismo\/","title":{"rendered":"Mayer nuevamente llev\u00f3 a Patagones al podio en Ciclismo"},"content":{"rendered":"\n<p>El joven maragato Thiago Mayer, acompa\u00f1ado por la Direcci\u00f3n de<br>Deportes de Patagones, particip\u00f3 el \u00faltimo fin de semana del Selectivo<br>de Mountain Bike, que se desarroll\u00f3 en la localidad de Balcarce, donde<br>obtuvo el segundo puesto.<\/p>\n\n\n\n<p>Los clasificados en el Selectivo, participar\u00e1n representando a la provincia de Buenos Aires, en los Juegos Evita 2023.<\/p>\n\n\n\n<p>Adem\u00e1s del gran desempe\u00f1o en la competencia de Balcarce, Mayer tambi\u00e9n hizo podio en el Argentino Rally Endurance, dejando una vez m\u00e1s a Patagones en los lugares de privilegio en competencias cicl\u00edsticas.<\/p>\n\n\n\n<figure class=\"wp-block-gallery has-nested-images columns-default is-cropped wp-block-gallery-1 is-layout-flex wp-block-gallery-is-layout-flex\">\n<figure class=\"wp-block-image size-large\"><img fetchpriority=\"high\" decoding=\"async\" width=\"480\" height=\"640\" data-id=\"32590\" src=\"https:\/\/www.elpolitologoyelpolitico.com.ar\/wp-content\/uploads\/2023\/07\/IMG-20230719-WA0012.jpg\" alt=\"\" class=\"wp-image-32590\" srcset=\"https:\/\/www.elpolitologoyelpolitico.com.ar\/wp-content\/uploads\/2023\/07\/IMG-20230719-WA0012.jpg 480w, https:\/\/www.elpolitologoyelpolitico.com.ar\/wp-content\/uploads\/2023\/07\/IMG-20230719-WA0012-225x300.jpg 225w\" sizes=\"(max-width: 480px) 100vw, 480px\" \/><\/figure>\n\n\n\n<figure class=\"wp-block-image size-large\"><img decoding=\"async\" width=\"480\" height=\"360\" data-id=\"32591\" src=\"https:\/\/www.elpolitologoyelpolitico.com.ar\/wp-content\/uploads\/2023\/07\/IMG-20230719-WA0013.jpg\" alt=\"\" class=\"wp-image-32591\" srcset=\"https:\/\/www.elpolitologoyelpolitico.com.ar\/wp-content\/uploads\/2023\/07\/IMG-20230719-WA0013.jpg 480w, https:\/\/www.elpolitologoyelpolitico.com.ar\/wp-content\/uploads\/2023\/07\/IMG-20230719-WA0013-300x225.jpg 300w\" sizes=\"(max-width: 480px) 100vw, 480px\" \/><\/figure>\n<\/figure>\n<div class=\"fb-background-color\">\n\t\t\t  <div \n\t\t\t  \tclass = \"fb-comments\" \n\t\t\t  \tdata-href = \"https:\/\/www.elpolitologoyelpolitico.com.ar\/wordpress\/2023\/07\/19\/mayer-nuevamente-llevo-a-patagones-al-podio-en-ciclismo\/\"\n\t\t\t  \tdata-numposts = \"10\"\n\t\t\t  \tdata-lazy = \"true\"\n\t\t\t\tdata-colorscheme = \"light\"\n\t\t\t\tdata-order-by = \"social\"\n\t\t\t\tdata-mobile=true>\n\t\t\t  <\/div><\/div>\n\t\t  <style>\n\t\t    .fb-background-color {\n\t\t\t\tbackground: #ffffff !important;\n\t\t\t}\n\t\t\t.fb_iframe_widget_fluid_desktop iframe {\n\t\t\t    width: 100% !important;\n\t\t\t}\n\t\t  <\/style>\n\t\t  ","protected":false},"excerpt":{"rendered":"<p>El joven maragato Thiago Mayer, acompa\u00f1ado por la Direcci\u00f3n deDeportes de Patagones, particip\u00f3 el \u00faltimo fin de semana del Selectivode Mountain Bike, que se desarroll\u00f3 en la localidad de Balcarce, dondeobtuvo el segundo puesto. Los clasificados en el Selectivo, participar\u00e1n representando a la provincia de Buenos Aires, en los Juegos Evita 2023. Adem\u00e1s del gran [&hellip;]<\/p>\n","protected":false},"author":4,"featured_media":32589,"comment_status":"closed","ping_status":"closed","sticky":false,"template":"","format":"standard","meta":{"_joinchat":[],"footnotes":""},"categories":[39],"tags":[],"class_list":["post-32588","post","type-post","status-publish","format-standard","has-post-thumbnail","hentry","category-en-esta-seccion"],"_links":{"self":[{"href":"https:\/\/www.elpolitologoyelpolitico.com.ar\/wordpress\/wp-json\/wp\/v2\/posts\/32588","targetHints":{"allow":["GET"]}}],"collection":[{"href":"https:\/\/www.elpolitologoyelpolitico.com.ar\/wordpress\/wp-json\/wp\/v2\/posts"}],"about":[{"href":"https:\/\/www.elpolitologoyelpolitico.com.ar\/wordpress\/wp-json\/wp\/v2\/types\/post"}],"author":[{"embeddable":true,"href":"https:\/\/www.elpolitologoyelpolitico.com.ar\/wordpress\/wp-json\/wp\/v2\/users\/4"}],"replies":[{"embeddable":true,"href":"https:\/\/www.elpolitologoyelpolitico.com.ar\/wordpress\/wp-json\/wp\/v2\/comments?post=32588"}],"version-history":[{"count":0,"href":"https:\/\/www.elpolitologoyelpolitico.com.ar\/wordpress\/wp-json\/wp\/v2\/posts\/32588\/revisions"}],"wp:featuredmedia":[{"embeddable":true,"href":"https:\/\/www.elpolitologoyelpolitico.com.ar\/wordpress\/wp-json\/wp\/v2\/media\/32589"}],"wp:attachment":[{"href":"https:\/\/www.elpolitologoyelpolitico.com.ar\/wordpress\/wp-json\/wp\/v2\/media?parent=32588"}],"wp:term":[{"taxonomy":"category","embeddable":true,"href":"https:\/\/www.elpolitologoyelpolitico.com.ar\/wordpress\/wp-json\/wp\/v2\/categories?post=32588"},{"taxonomy":"post_tag","embeddable":true,"href":"https:\/\/www.elpolitologoyelpolitico.com.ar\/wordpress\/wp-json\/wp\/v2\/tags?post=32588"}],"curies":[{"name":"wp","href":"https:\/\/api.w.org\/{rel}","templated":true}]}}