{"id":32582,"date":"2023-07-19T20:57:30","date_gmt":"2023-07-19T20:57:30","guid":{"rendered":"https:\/\/www.elpolitologoyelpolitico.com.ar\/wordpress\/?p=32582"},"modified":"2023-07-19T20:57:31","modified_gmt":"2023-07-19T20:57:31","slug":"mix-de-ritmos-latinos-en-la-gala-de-alumnos-de-la-compania-guarachando-en-el-centro-cultural","status":"publish","type":"post","link":"https:\/\/www.elpolitologoyelpolitico.com.ar\/wordpress\/2023\/07\/19\/mix-de-ritmos-latinos-en-la-gala-de-alumnos-de-la-compania-guarachando-en-el-centro-cultural\/","title":{"rendered":"Mix de ritmos latinos en la gala de alumnos de la Compa\u00f1\u00eda Guarachando en el Centro Cultural"},"content":{"rendered":"\n<p>Este viernes 21 de julio desde las 21 en la sala Auditorio del Centro Municipal de Cultura&nbsp; se realizar\u00e1 la gala de alumnos de la Compa\u00f1\u00eda Guarachando dirigida por Florencia Lagos y Gonzalo Parra.<\/p>\n\n\n\n<p>En esta oportunidad la muestra contar\u00e1 con la presentaci\u00f3n de nuevos integrantes y nuevos trabajos coreogr\u00e1ficos, con la presencia de artistas locales invitados como Magali Canosa, Sensaci\u00f3n Latina Giovana Peralta, Sabrososon Kids Wanda Bondzio, Lucas Lefinir, Ludmila Nu\u00f1ez, Mishel Calvo, Stefania Calvo, Yuthiel Almeida, Alex Salazar y Luca Benitez Lagos.<\/p>\n\n\n\n<p>Las entradas anticipadas tienen un valor de $800 y en puerta el d\u00eda del evento se podr\u00e1n adquirir en $1000,&nbsp; las mismas se pueden adquirir v\u00eda mercadopago 2920306780 o en el&nbsp; punto de venta Pampagonia, en calle Garrone 237 de Viedma.<\/p>\n\n\n\n<p>La Compa\u00f1\u00eda Guarachando se gest\u00f3 hace unos 7 a\u00f1os con el objetivo de formar artistas esc\u00e9nicos de ritmos latinos tales como la salsa, el mambo, el son cubano, el chachacha, la rumba cubana, la bachata etc.<\/p>\n\n\n\n<p>En la actualidad nuclean m\u00e1s de 30 bailarines de diferentes edades, donde interact\u00faan diversos intereses y objetivos lo que la hace muy heterog\u00e9nea a la hora de poner en escena su actividad art\u00edstica.<\/p>\n\n\n\n<p>Guarachando es una expresi\u00f3n que significa bailando gozando disfrutando y verlo en una acci\u00f3n, que identifica a la hora de bailar estos ritmos y cualquier ritmo que los bailarines deseen interpretar.<\/p>\n<div class=\"fb-background-color\">\n\t\t\t  <div \n\t\t\t  \tclass = \"fb-comments\" \n\t\t\t  \tdata-href = \"https:\/\/www.elpolitologoyelpolitico.com.ar\/wordpress\/2023\/07\/19\/mix-de-ritmos-latinos-en-la-gala-de-alumnos-de-la-compania-guarachando-en-el-centro-cultural\/\"\n\t\t\t  \tdata-numposts = \"10\"\n\t\t\t  \tdata-lazy = \"true\"\n\t\t\t\tdata-colorscheme = \"light\"\n\t\t\t\tdata-order-by = \"social\"\n\t\t\t\tdata-mobile=true>\n\t\t\t  <\/div><\/div>\n\t\t  <style>\n\t\t    .fb-background-color {\n\t\t\t\tbackground: #ffffff !important;\n\t\t\t}\n\t\t\t.fb_iframe_widget_fluid_desktop iframe {\n\t\t\t    width: 100% !important;\n\t\t\t}\n\t\t  <\/style>\n\t\t  ","protected":false},"excerpt":{"rendered":"<p>Este viernes 21 de julio desde las 21 en la sala Auditorio del Centro Municipal de Cultura&nbsp; se realizar\u00e1 la gala de alumnos de la Compa\u00f1\u00eda Guarachando dirigida por Florencia Lagos y Gonzalo Parra. En esta oportunidad la muestra contar\u00e1 con la presentaci\u00f3n de nuevos integrantes y nuevos trabajos coreogr\u00e1ficos, con la presencia de artistas [&hellip;]<\/p>\n","protected":false},"author":4,"featured_media":32583,"comment_status":"closed","ping_status":"closed","sticky":false,"template":"","format":"standard","meta":{"_joinchat":[],"footnotes":""},"categories":[39],"tags":[],"class_list":["post-32582","post","type-post","status-publish","format-standard","has-post-thumbnail","hentry","category-en-esta-seccion"],"_links":{"self":[{"href":"https:\/\/www.elpolitologoyelpolitico.com.ar\/wordpress\/wp-json\/wp\/v2\/posts\/32582","targetHints":{"allow":["GET"]}}],"collection":[{"href":"https:\/\/www.elpolitologoyelpolitico.com.ar\/wordpress\/wp-json\/wp\/v2\/posts"}],"about":[{"href":"https:\/\/www.elpolitologoyelpolitico.com.ar\/wordpress\/wp-json\/wp\/v2\/types\/post"}],"author":[{"embeddable":true,"href":"https:\/\/www.elpolitologoyelpolitico.com.ar\/wordpress\/wp-json\/wp\/v2\/users\/4"}],"replies":[{"embeddable":true,"href":"https:\/\/www.elpolitologoyelpolitico.com.ar\/wordpress\/wp-json\/wp\/v2\/comments?post=32582"}],"version-history":[{"count":0,"href":"https:\/\/www.elpolitologoyelpolitico.com.ar\/wordpress\/wp-json\/wp\/v2\/posts\/32582\/revisions"}],"wp:featuredmedia":[{"embeddable":true,"href":"https:\/\/www.elpolitologoyelpolitico.com.ar\/wordpress\/wp-json\/wp\/v2\/media\/32583"}],"wp:attachment":[{"href":"https:\/\/www.elpolitologoyelpolitico.com.ar\/wordpress\/wp-json\/wp\/v2\/media?parent=32582"}],"wp:term":[{"taxonomy":"category","embeddable":true,"href":"https:\/\/www.elpolitologoyelpolitico.com.ar\/wordpress\/wp-json\/wp\/v2\/categories?post=32582"},{"taxonomy":"post_tag","embeddable":true,"href":"https:\/\/www.elpolitologoyelpolitico.com.ar\/wordpress\/wp-json\/wp\/v2\/tags?post=32582"}],"curies":[{"name":"wp","href":"https:\/\/api.w.org\/{rel}","templated":true}]}}