{"id":32561,"date":"2023-07-18T17:48:27","date_gmt":"2023-07-18T17:48:27","guid":{"rendered":"https:\/\/www.elpolitologoyelpolitico.com.ar\/wordpress\/?p=32561"},"modified":"2023-07-18T17:48:29","modified_gmt":"2023-07-18T17:48:29","slug":"el-tren-patagonico-ya-traslado-a-mas-de-27-000-turistas-en-2023","status":"publish","type":"post","link":"https:\/\/www.elpolitologoyelpolitico.com.ar\/wordpress\/2023\/07\/18\/el-tren-patagonico-ya-traslado-a-mas-de-27-000-turistas-en-2023\/","title":{"rendered":"El Tren Patag\u00f3nico ya traslad\u00f3 a m\u00e1s de 27.000 turistas en 2023"},"content":{"rendered":"\n<p>En el marco de una exitosa temporada invernal, el Tren Patag\u00f3nico ratifica su permanente crecimiento y ya contabiliza el traslado de m\u00e1s de 27.000 turistas en lo que va del a\u00f1o.<\/p>\n\n\n\n<p>El tramo tradicional que une el Mar con la Cordillera, con un servicio semanal desde la capital rionegrina Viedma con San Carlos de Bariloche, el servicio de excursi\u00f3n de \u201cLa Trochita\u201d desde Ingeniero Jacobacci hasta la Estaci\u00f3n Empalme y el servicio tur\u00edstico nocturno con cuatro salidas semanales desde Bariloche hasta el paraje Los Juncos, invitan a disfrutar de una vivencia imperdible por la Estepa patag\u00f3nica rionegrina.<\/p>\n\n\n\n<p>Seg\u00fan detall\u00f3 el gerente comercial de la empresa ferroviaria estatal, Dar\u00edo Dukart, actualmente est\u00e1 \u201ctodo cargado hasta la primera quincena de agosto\u201d. Confirm\u00f3 que \u201cno hay lugar en camarotes, ni en las bandejas de autom\u00f3viles, y s\u00f3lo quedan algunos lugares en Pullman y en Primera Clase\u201d, haciendo alusi\u00f3n a la alta demanda del servicio Viedma &#8211; Bariloche.<\/p>\n\n\n\n<p>\u201cEstamos muy contentos con el desempe\u00f1o, como todos los inviernos. El Tren Patag\u00f3nico est\u00e1 vendiendo a full sus servicios e incorporando cada d\u00eda m\u00e1s coches a la formaci\u00f3n, con el fin de cubrir los crecientes \u00edndices de ventas\u201d, explic\u00f3 Dukart y tambi\u00e9n se\u00f1al\u00f3 que \u00abde los m\u00e1s de 27.000 turistas transportados en lo que va de 2023, unos 3.500 usaron el servicio en los \u00faltimos diez d\u00edas, no solo el tradicional, sino tambi\u00e9n La Trochita y las excursiones nocturnas\u00bb.<\/p>\n\n\n\n<p>R\u00edo Negro es la provincia con m\u00e1s servicios tur\u00edsticos ferroviarios y mayor diversidad de oferta contando, no solamente los ya mencionados sino tambi\u00e9n el servicio que une la localidad chubutense de El Mait\u00e9n con \u00d1orquinc\u00f3 en R\u00edo Negro, que experimenta cada a\u00f1o un crecimiento exponencial en cantidad de viajeros como en calidad de servicios, mejorando sustancialmente la experiencia.<\/p>\n\n\n\n<p>Conoc\u00e9 los servicios:&nbsp;https:\/\/bit.ly\/44RljZB<\/p>\n\n\n\n<p>La Provincia, a trav\u00e9s de Tren Patag\u00f3nico S.A. y el Ministerio de Turismo y Deporte de R\u00edo Negro llevan adelante una pol\u00edtica de desarrollo, infraestructura tur\u00edstica y promoci\u00f3n para optimizar los servicios y que el producto ferroviario siga potenci\u00e1ndose m\u00e1s cada a\u00f1o.<\/p>\n\n\n\n<p>Una renovada estaci\u00f3n con comedor y sanitarios en la Estaci\u00f3n Empalme y nuevas instalaciones en Ojos de Agua que son utilizadas en primavera y verano; una estaci\u00f3n ferroviaria en \u00d1orquinc\u00f3 y la reciente construcci\u00f3n de ba\u00f1os, son algunas de las obras que forman parte de este singular atractivo de la L\u00ednea Sur, sumado a la constante promoci\u00f3n de los productos del Tren en los principales mercados nacionales e internacionales, le dieron un gran impulso a esta actividad tur\u00edstica.<\/p>\n\n\n\n<p>Los pasajes se pueden obtener por la p\u00e1gina web\u00a0http:\/\/trenpatagonicosa.com.ar, al correo\u00a0comercial@trenpatagonicosa.com.ar\u00a0o llamando a cualquiera de las agencias que trabajan con la empresa.<\/p>\n\n\n\n<figure class=\"wp-block-image size-large\"><img fetchpriority=\"high\" decoding=\"async\" width=\"1024\" height=\"682\" src=\"https:\/\/www.elpolitologoyelpolitico.com.ar\/wp-content\/uploads\/2023\/07\/IMG-20230718-WA0018-1024x682.jpg\" alt=\"\" class=\"wp-image-32563\" srcset=\"https:\/\/www.elpolitologoyelpolitico.com.ar\/wp-content\/uploads\/2023\/07\/IMG-20230718-WA0018-1024x682.jpg 1024w, https:\/\/www.elpolitologoyelpolitico.com.ar\/wp-content\/uploads\/2023\/07\/IMG-20230718-WA0018-300x200.jpg 300w, https:\/\/www.elpolitologoyelpolitico.com.ar\/wp-content\/uploads\/2023\/07\/IMG-20230718-WA0018-768x512.jpg 768w, https:\/\/www.elpolitologoyelpolitico.com.ar\/wp-content\/uploads\/2023\/07\/IMG-20230718-WA0018.jpg 1280w\" sizes=\"(max-width: 1024px) 100vw, 1024px\" \/><\/figure>\n<div class=\"fb-background-color\">\n\t\t\t  <div \n\t\t\t  \tclass = \"fb-comments\" \n\t\t\t  \tdata-href = \"https:\/\/www.elpolitologoyelpolitico.com.ar\/wordpress\/2023\/07\/18\/el-tren-patagonico-ya-traslado-a-mas-de-27-000-turistas-en-2023\/\"\n\t\t\t  \tdata-numposts = \"10\"\n\t\t\t  \tdata-lazy = \"true\"\n\t\t\t\tdata-colorscheme = \"light\"\n\t\t\t\tdata-order-by = \"social\"\n\t\t\t\tdata-mobile=true>\n\t\t\t  <\/div><\/div>\n\t\t  <style>\n\t\t    .fb-background-color {\n\t\t\t\tbackground: #ffffff !important;\n\t\t\t}\n\t\t\t.fb_iframe_widget_fluid_desktop iframe {\n\t\t\t    width: 100% !important;\n\t\t\t}\n\t\t  <\/style>\n\t\t  ","protected":false},"excerpt":{"rendered":"<p>En el marco de una exitosa temporada invernal, el Tren Patag\u00f3nico ratifica su permanente crecimiento y ya contabiliza el traslado de m\u00e1s de 27.000 turistas en lo que va del a\u00f1o. El tramo tradicional que une el Mar con la Cordillera, con un servicio semanal desde la capital rionegrina Viedma con San Carlos de Bariloche, [&hellip;]<\/p>\n","protected":false},"author":4,"featured_media":32562,"comment_status":"closed","ping_status":"closed","sticky":false,"template":"","format":"standard","meta":{"_joinchat":[],"footnotes":""},"categories":[39],"tags":[],"class_list":["post-32561","post","type-post","status-publish","format-standard","has-post-thumbnail","hentry","category-en-esta-seccion"],"_links":{"self":[{"href":"https:\/\/www.elpolitologoyelpolitico.com.ar\/wordpress\/wp-json\/wp\/v2\/posts\/32561","targetHints":{"allow":["GET"]}}],"collection":[{"href":"https:\/\/www.elpolitologoyelpolitico.com.ar\/wordpress\/wp-json\/wp\/v2\/posts"}],"about":[{"href":"https:\/\/www.elpolitologoyelpolitico.com.ar\/wordpress\/wp-json\/wp\/v2\/types\/post"}],"author":[{"embeddable":true,"href":"https:\/\/www.elpolitologoyelpolitico.com.ar\/wordpress\/wp-json\/wp\/v2\/users\/4"}],"replies":[{"embeddable":true,"href":"https:\/\/www.elpolitologoyelpolitico.com.ar\/wordpress\/wp-json\/wp\/v2\/comments?post=32561"}],"version-history":[{"count":0,"href":"https:\/\/www.elpolitologoyelpolitico.com.ar\/wordpress\/wp-json\/wp\/v2\/posts\/32561\/revisions"}],"wp:featuredmedia":[{"embeddable":true,"href":"https:\/\/www.elpolitologoyelpolitico.com.ar\/wordpress\/wp-json\/wp\/v2\/media\/32562"}],"wp:attachment":[{"href":"https:\/\/www.elpolitologoyelpolitico.com.ar\/wordpress\/wp-json\/wp\/v2\/media?parent=32561"}],"wp:term":[{"taxonomy":"category","embeddable":true,"href":"https:\/\/www.elpolitologoyelpolitico.com.ar\/wordpress\/wp-json\/wp\/v2\/categories?post=32561"},{"taxonomy":"post_tag","embeddable":true,"href":"https:\/\/www.elpolitologoyelpolitico.com.ar\/wordpress\/wp-json\/wp\/v2\/tags?post=32561"}],"curies":[{"name":"wp","href":"https:\/\/api.w.org\/{rel}","templated":true}]}}