{"id":3256,"date":"2021-05-19T16:39:57","date_gmt":"2021-05-19T16:39:57","guid":{"rendered":"https:\/\/www.elpolitologoyelpolitico.com.ar\/wordpress\/?p=3256"},"modified":"2021-05-26T14:25:25","modified_gmt":"2021-05-26T14:25:25","slug":"se-planifico-un-programa-que-tiene-que-ver-con-la-presencialidad-en-las-escuelas","status":"publish","type":"post","link":"https:\/\/www.elpolitologoyelpolitico.com.ar\/wordpress\/2021\/05\/19\/se-planifico-un-programa-que-tiene-que-ver-con-la-presencialidad-en-las-escuelas\/","title":{"rendered":"\u201cSe planifico un programa que tiene que ver con la presencialidad en las escuelas\u201d"},"content":{"rendered":"\n<figure class=\"wp-block-image size-large\"><img fetchpriority=\"high\" decoding=\"async\" width=\"1024\" height=\"473\" src=\"https:\/\/www.elpolitologoyelpolitico.com.ar\/wp-content\/uploads\/2021\/05\/WhatsApp-Image-2021-05-19-at-5.38.29-PM-1024x473.jpeg\" alt=\"\" class=\"wp-image-3139\" srcset=\"https:\/\/www.elpolitologoyelpolitico.com.ar\/wp-content\/uploads\/2021\/05\/WhatsApp-Image-2021-05-19-at-5.38.29-PM-1024x473.jpeg 1024w, https:\/\/www.elpolitologoyelpolitico.com.ar\/wp-content\/uploads\/2021\/05\/WhatsApp-Image-2021-05-19-at-5.38.29-PM-300x138.jpeg 300w, https:\/\/www.elpolitologoyelpolitico.com.ar\/wp-content\/uploads\/2021\/05\/WhatsApp-Image-2021-05-19-at-5.38.29-PM-768x354.jpeg 768w, https:\/\/www.elpolitologoyelpolitico.com.ar\/wp-content\/uploads\/2021\/05\/WhatsApp-Image-2021-05-19-at-5.38.29-PM.jpeg 1040w\" sizes=\"(max-width: 1024px) 100vw, 1024px\" \/><\/figure>\n\n\n\n<p>El Secretario de salud de Patagones, Marco Tripodi, afirm\u00f3 el ingreso a FASE 3 en el Partido de Patagones y destac\u00f3 que durante la noche de ayer se dieron a conocer 54 pacientes que dieron negativo, 19 fueron las altas y 32 pacientes positivos. La cantidad total en todo el partido es de 190 casos positivos.<\/p>\n\n\n\n<p>Desde el \u00e1rea de Salud, en conjunto con educaci\u00f3n, se viene trabajando para analizar la situaci\u00f3n epidemiol\u00f3gica en los establecimientos educativos del Partido de Patagones.<\/p>\n\n\n\n<p>Actualmente, los casos aumentan y existe un gran n\u00famero del personal docente y auxiliar que todav\u00eda no est\u00e1n vacunados.<\/p>\n\n\n\n<p>Seg\u00fan Tripodi \u201cDesde el Concejo General de Educaci\u00f3n y el Ministerio de Salud en forma conjunta con el Ministerio de Educaci\u00f3n, se planifico un programa que tiene que ver con la presencialidad en las escuelas, para lo cual se hisopan voluntariamente personas sin s\u00edntomas\u201d y agreg\u00f3 \u201cEstas personas son trabajadores de las instituciones educativas de Patagones, tanto los docentes y el personal auxiliar, con el fin de evitar la circulaci\u00f3n de g\u00e9rmenes en pacientes asintom\u00e1ticos\u201d.<\/p>\n<div class=\"fb-background-color\">\n\t\t\t  <div \n\t\t\t  \tclass = \"fb-comments\" \n\t\t\t  \tdata-href = \"https:\/\/www.elpolitologoyelpolitico.com.ar\/wordpress\/2021\/05\/19\/se-planifico-un-programa-que-tiene-que-ver-con-la-presencialidad-en-las-escuelas\/\"\n\t\t\t  \tdata-numposts = \"10\"\n\t\t\t  \tdata-lazy = \"true\"\n\t\t\t\tdata-colorscheme = \"light\"\n\t\t\t\tdata-order-by = \"social\"\n\t\t\t\tdata-mobile=true>\n\t\t\t  <\/div><\/div>\n\t\t  <style>\n\t\t    .fb-background-color {\n\t\t\t\tbackground: #ffffff !important;\n\t\t\t}\n\t\t\t.fb_iframe_widget_fluid_desktop iframe {\n\t\t\t    width: 100% !important;\n\t\t\t}\n\t\t  <\/style>\n\t\t  ","protected":false},"excerpt":{"rendered":"<p>El Secretario de salud de Patagones, Marco Tripodi, afirm\u00f3 el ingreso a FASE 3 en el Partido de Patagones y destac\u00f3 que durante la noche de ayer se dieron a conocer 54 pacientes que dieron negativo, 19 fueron las altas y 32 pacientes positivos. La cantidad total en todo el partido es de 190 casos [&hellip;]<\/p>\n","protected":false},"author":4,"featured_media":3123,"comment_status":"closed","ping_status":"closed","sticky":false,"template":"","format":"standard","meta":{"_joinchat":[],"footnotes":""},"categories":[21],"tags":[],"class_list":["post-3256","post","type-post","status-publish","format-standard","has-post-thumbnail","hentry","category-actores-politicos"],"_links":{"self":[{"href":"https:\/\/www.elpolitologoyelpolitico.com.ar\/wordpress\/wp-json\/wp\/v2\/posts\/3256","targetHints":{"allow":["GET"]}}],"collection":[{"href":"https:\/\/www.elpolitologoyelpolitico.com.ar\/wordpress\/wp-json\/wp\/v2\/posts"}],"about":[{"href":"https:\/\/www.elpolitologoyelpolitico.com.ar\/wordpress\/wp-json\/wp\/v2\/types\/post"}],"author":[{"embeddable":true,"href":"https:\/\/www.elpolitologoyelpolitico.com.ar\/wordpress\/wp-json\/wp\/v2\/users\/4"}],"replies":[{"embeddable":true,"href":"https:\/\/www.elpolitologoyelpolitico.com.ar\/wordpress\/wp-json\/wp\/v2\/comments?post=3256"}],"version-history":[{"count":0,"href":"https:\/\/www.elpolitologoyelpolitico.com.ar\/wordpress\/wp-json\/wp\/v2\/posts\/3256\/revisions"}],"wp:featuredmedia":[{"embeddable":true,"href":"https:\/\/www.elpolitologoyelpolitico.com.ar\/wordpress\/wp-json\/wp\/v2\/media\/3123"}],"wp:attachment":[{"href":"https:\/\/www.elpolitologoyelpolitico.com.ar\/wordpress\/wp-json\/wp\/v2\/media?parent=3256"}],"wp:term":[{"taxonomy":"category","embeddable":true,"href":"https:\/\/www.elpolitologoyelpolitico.com.ar\/wordpress\/wp-json\/wp\/v2\/categories?post=3256"},{"taxonomy":"post_tag","embeddable":true,"href":"https:\/\/www.elpolitologoyelpolitico.com.ar\/wordpress\/wp-json\/wp\/v2\/tags?post=3256"}],"curies":[{"name":"wp","href":"https:\/\/api.w.org\/{rel}","templated":true}]}}