{"id":32554,"date":"2023-07-18T17:18:37","date_gmt":"2023-07-18T17:18:37","guid":{"rendered":"https:\/\/www.elpolitologoyelpolitico.com.ar\/wordpress\/?p=32554"},"modified":"2023-07-18T17:18:39","modified_gmt":"2023-07-18T17:18:39","slug":"comenzo-el-operativo-gratuito-de-documentacion-para-los-vecinos-de-bahia-san-blas","status":"publish","type":"post","link":"https:\/\/www.elpolitologoyelpolitico.com.ar\/wordpress\/2023\/07\/18\/comenzo-el-operativo-gratuito-de-documentacion-para-los-vecinos-de-bahia-san-blas\/","title":{"rendered":"Comenz\u00f3 el operativo gratuito de documentaci\u00f3n para los vecinos de Bah\u00eda San Blas"},"content":{"rendered":"\n<p>Junto a la Comisi\u00f3n de Fomento de la localidad de Bah\u00eda San Blas, el delegado municipal, Marcelo Molteni, recibi\u00f3 hoy, lunes, al personal del Registro Provincial de las Personas, dependiente del Ministerio de Gobierno de la Provincia de Buenos Aires, en el marco del Operativo gratuito de documentaci\u00f3n que se llevar\u00e1 adelante durante la jornada en la localidad.<\/p>\n\n\n\n<p>El mismo se extender\u00e1 hasta las 15 horas, en el Club Social y Deportivo local.<\/p>\n\n\n\n<p>Los vecinos podr\u00e1n tramitar el Documento Nacional de Identidad, partidas, certificados de domicilio y extrav\u00edos, certificados de pre-identificaci\u00f3n, empadronamiento de personas extrajeras e iniciar el tr\u00e1mite de cambio de g\u00e9nero.<\/p>\n<div class=\"fb-background-color\">\n\t\t\t  <div \n\t\t\t  \tclass = \"fb-comments\" \n\t\t\t  \tdata-href = \"https:\/\/www.elpolitologoyelpolitico.com.ar\/wordpress\/2023\/07\/18\/comenzo-el-operativo-gratuito-de-documentacion-para-los-vecinos-de-bahia-san-blas\/\"\n\t\t\t  \tdata-numposts = \"10\"\n\t\t\t  \tdata-lazy = \"true\"\n\t\t\t\tdata-colorscheme = \"light\"\n\t\t\t\tdata-order-by = \"social\"\n\t\t\t\tdata-mobile=true>\n\t\t\t  <\/div><\/div>\n\t\t  <style>\n\t\t    .fb-background-color {\n\t\t\t\tbackground: #ffffff !important;\n\t\t\t}\n\t\t\t.fb_iframe_widget_fluid_desktop iframe {\n\t\t\t    width: 100% !important;\n\t\t\t}\n\t\t  <\/style>\n\t\t  ","protected":false},"excerpt":{"rendered":"<p>Junto a la Comisi\u00f3n de Fomento de la localidad de Bah\u00eda San Blas, el delegado municipal, Marcelo Molteni, recibi\u00f3 hoy, lunes, al personal del Registro Provincial de las Personas, dependiente del Ministerio de Gobierno de la Provincia de Buenos Aires, en el marco del Operativo gratuito de documentaci\u00f3n que se llevar\u00e1 adelante durante la jornada [&hellip;]<\/p>\n","protected":false},"author":4,"featured_media":32555,"comment_status":"closed","ping_status":"closed","sticky":false,"template":"","format":"standard","meta":{"_joinchat":[],"footnotes":""},"categories":[39],"tags":[],"class_list":["post-32554","post","type-post","status-publish","format-standard","has-post-thumbnail","hentry","category-en-esta-seccion"],"_links":{"self":[{"href":"https:\/\/www.elpolitologoyelpolitico.com.ar\/wordpress\/wp-json\/wp\/v2\/posts\/32554","targetHints":{"allow":["GET"]}}],"collection":[{"href":"https:\/\/www.elpolitologoyelpolitico.com.ar\/wordpress\/wp-json\/wp\/v2\/posts"}],"about":[{"href":"https:\/\/www.elpolitologoyelpolitico.com.ar\/wordpress\/wp-json\/wp\/v2\/types\/post"}],"author":[{"embeddable":true,"href":"https:\/\/www.elpolitologoyelpolitico.com.ar\/wordpress\/wp-json\/wp\/v2\/users\/4"}],"replies":[{"embeddable":true,"href":"https:\/\/www.elpolitologoyelpolitico.com.ar\/wordpress\/wp-json\/wp\/v2\/comments?post=32554"}],"version-history":[{"count":0,"href":"https:\/\/www.elpolitologoyelpolitico.com.ar\/wordpress\/wp-json\/wp\/v2\/posts\/32554\/revisions"}],"wp:featuredmedia":[{"embeddable":true,"href":"https:\/\/www.elpolitologoyelpolitico.com.ar\/wordpress\/wp-json\/wp\/v2\/media\/32555"}],"wp:attachment":[{"href":"https:\/\/www.elpolitologoyelpolitico.com.ar\/wordpress\/wp-json\/wp\/v2\/media?parent=32554"}],"wp:term":[{"taxonomy":"category","embeddable":true,"href":"https:\/\/www.elpolitologoyelpolitico.com.ar\/wordpress\/wp-json\/wp\/v2\/categories?post=32554"},{"taxonomy":"post_tag","embeddable":true,"href":"https:\/\/www.elpolitologoyelpolitico.com.ar\/wordpress\/wp-json\/wp\/v2\/tags?post=32554"}],"curies":[{"name":"wp","href":"https:\/\/api.w.org\/{rel}","templated":true}]}}