{"id":32532,"date":"2023-07-18T02:38:46","date_gmt":"2023-07-18T02:38:46","guid":{"rendered":"https:\/\/www.elpolitologoyelpolitico.com.ar\/wordpress\/?p=32532"},"modified":"2023-07-18T02:38:47","modified_gmt":"2023-07-18T02:38:47","slug":"hoy-abren-las-inscripciones-para-los-talleres-de-oficio-de-manos-que-trabajan","status":"publish","type":"post","link":"https:\/\/www.elpolitologoyelpolitico.com.ar\/wordpress\/2023\/07\/18\/hoy-abren-las-inscripciones-para-los-talleres-de-oficio-de-manos-que-trabajan\/","title":{"rendered":"Hoy abren las inscripciones para los talleres de oficio de \u00abManos que Trabajan\u00bb"},"content":{"rendered":"\n<p>El gobierno de Viedma abre las inscripciones para los talleres de oficio del programa municipal Manos que Trabajan.<\/p>\n\n\n\n<p>Las y los interesados pueden acercarse a partir de hoy, lunes 17 de julio a la secretaria de Desarrollo e Integraci\u00f3n Social ( Alvaro Barros 1508) de 10 a 12hs.<\/p>\n\n\n\n<p>Quienes deseen inscribirse deben ser mayores de 18 a\u00f1os y presentar fotocopia de DNI.<\/p>\n\n\n\n<p>En esta oportunidad los talleres de oficio se llevaran adelante en el sal\u00f3n NIDO del sector Nehuen del barrio Mi Bandera.<\/p>\n\n\n\n<p>Para esta segunda parte del a\u00f1o la oferta de actividades es: Construcci\u00f3n en Seco, Electricidad, Corte y Confecci\u00f3n, Peluquer\u00eda, Elaboraci\u00f3n de Viandas, Operador de PC, Manicur\u00eda, Pasteler\u00eda y Decoraci\u00f3n de Tortas y Chocolater\u00eda.<\/p>\n\n\n\n<p>En lo que va del a\u00f1o, m\u00e1s de 400 viedmeses participan de estas propuestas de formaci\u00f3n en oficios que se llevan adelante en distintos espacios municipales y juntas vecinales.<\/p>\n\n\n\n<figure class=\"wp-block-image size-full\"><img fetchpriority=\"high\" decoding=\"async\" width=\"720\" height=\"493\" src=\"https:\/\/www.elpolitologoyelpolitico.com.ar\/wp-content\/uploads\/2023\/07\/IMG-20230717-WA0032.jpg\" alt=\"\" class=\"wp-image-32534\" srcset=\"https:\/\/www.elpolitologoyelpolitico.com.ar\/wp-content\/uploads\/2023\/07\/IMG-20230717-WA0032.jpg 720w, https:\/\/www.elpolitologoyelpolitico.com.ar\/wp-content\/uploads\/2023\/07\/IMG-20230717-WA0032-300x205.jpg 300w\" sizes=\"(max-width: 720px) 100vw, 720px\" \/><\/figure>\n<div class=\"fb-background-color\">\n\t\t\t  <div \n\t\t\t  \tclass = \"fb-comments\" \n\t\t\t  \tdata-href = \"https:\/\/www.elpolitologoyelpolitico.com.ar\/wordpress\/2023\/07\/18\/hoy-abren-las-inscripciones-para-los-talleres-de-oficio-de-manos-que-trabajan\/\"\n\t\t\t  \tdata-numposts = \"10\"\n\t\t\t  \tdata-lazy = \"true\"\n\t\t\t\tdata-colorscheme = \"light\"\n\t\t\t\tdata-order-by = \"social\"\n\t\t\t\tdata-mobile=true>\n\t\t\t  <\/div><\/div>\n\t\t  <style>\n\t\t    .fb-background-color {\n\t\t\t\tbackground: #ffffff !important;\n\t\t\t}\n\t\t\t.fb_iframe_widget_fluid_desktop iframe {\n\t\t\t    width: 100% !important;\n\t\t\t}\n\t\t  <\/style>\n\t\t  ","protected":false},"excerpt":{"rendered":"<p>El gobierno de Viedma abre las inscripciones para los talleres de oficio del programa municipal Manos que Trabajan. Las y los interesados pueden acercarse a partir de hoy, lunes 17 de julio a la secretaria de Desarrollo e Integraci\u00f3n Social ( Alvaro Barros 1508) de 10 a 12hs. Quienes deseen inscribirse deben ser mayores de [&hellip;]<\/p>\n","protected":false},"author":4,"featured_media":32533,"comment_status":"closed","ping_status":"closed","sticky":false,"template":"","format":"standard","meta":{"_joinchat":[],"footnotes":""},"categories":[39],"tags":[],"class_list":["post-32532","post","type-post","status-publish","format-standard","has-post-thumbnail","hentry","category-en-esta-seccion"],"_links":{"self":[{"href":"https:\/\/www.elpolitologoyelpolitico.com.ar\/wordpress\/wp-json\/wp\/v2\/posts\/32532","targetHints":{"allow":["GET"]}}],"collection":[{"href":"https:\/\/www.elpolitologoyelpolitico.com.ar\/wordpress\/wp-json\/wp\/v2\/posts"}],"about":[{"href":"https:\/\/www.elpolitologoyelpolitico.com.ar\/wordpress\/wp-json\/wp\/v2\/types\/post"}],"author":[{"embeddable":true,"href":"https:\/\/www.elpolitologoyelpolitico.com.ar\/wordpress\/wp-json\/wp\/v2\/users\/4"}],"replies":[{"embeddable":true,"href":"https:\/\/www.elpolitologoyelpolitico.com.ar\/wordpress\/wp-json\/wp\/v2\/comments?post=32532"}],"version-history":[{"count":0,"href":"https:\/\/www.elpolitologoyelpolitico.com.ar\/wordpress\/wp-json\/wp\/v2\/posts\/32532\/revisions"}],"wp:featuredmedia":[{"embeddable":true,"href":"https:\/\/www.elpolitologoyelpolitico.com.ar\/wordpress\/wp-json\/wp\/v2\/media\/32533"}],"wp:attachment":[{"href":"https:\/\/www.elpolitologoyelpolitico.com.ar\/wordpress\/wp-json\/wp\/v2\/media?parent=32532"}],"wp:term":[{"taxonomy":"category","embeddable":true,"href":"https:\/\/www.elpolitologoyelpolitico.com.ar\/wordpress\/wp-json\/wp\/v2\/categories?post=32532"},{"taxonomy":"post_tag","embeddable":true,"href":"https:\/\/www.elpolitologoyelpolitico.com.ar\/wordpress\/wp-json\/wp\/v2\/tags?post=32532"}],"curies":[{"name":"wp","href":"https:\/\/api.w.org\/{rel}","templated":true}]}}