{"id":32516,"date":"2023-07-16T23:08:23","date_gmt":"2023-07-16T23:08:23","guid":{"rendered":"https:\/\/www.elpolitologoyelpolitico.com.ar\/wordpress\/?p=32516"},"modified":"2023-07-16T23:08:27","modified_gmt":"2023-07-16T23:08:27","slug":"villalonga-el-intendente-zara-participo-de-la-inauguracion-de-la-escuela-de-equitacion","status":"publish","type":"post","link":"https:\/\/www.elpolitologoyelpolitico.com.ar\/wordpress\/2023\/07\/16\/villalonga-el-intendente-zara-participo-de-la-inauguracion-de-la-escuela-de-equitacion\/","title":{"rendered":"Villalonga: el Intendente Zara particip\u00f3 de la inauguraci\u00f3n de la Escuela de Equitaci\u00f3n"},"content":{"rendered":"\n<p>Este domingo, en horas del mediod\u00eda, el Intendente Municipal, Ing. Jos\u00e9 Luis Zara, particip\u00f3 de la inauguraci\u00f3n de la Escuela de Equitaci\u00f3n del Club H\u00edpico Villalonga.<\/p>\n\n\n\n<p>Lo acompa\u00f1aron el Jefe de Gabinete, Fabio Bettinelli, la delegada municipal, Valeria M\u00e9ndez, la Directora de Deportes, Eliana Pugnaloni, el Director de Cultura, Vicente Paredes, y el presidente del Consejo Escolar, Paulo Bykaluk.<\/p>\n\n\n\n<p>La ceremonia tuvo lugar en las instalaciones del Club, donde el Jefe Comunal comparti\u00f3 un ameno momento con las familias que presenciaron la actividad.<\/p>\n<div class=\"fb-background-color\">\n\t\t\t  <div \n\t\t\t  \tclass = \"fb-comments\" \n\t\t\t  \tdata-href = \"https:\/\/www.elpolitologoyelpolitico.com.ar\/wordpress\/2023\/07\/16\/villalonga-el-intendente-zara-participo-de-la-inauguracion-de-la-escuela-de-equitacion\/\"\n\t\t\t  \tdata-numposts = \"10\"\n\t\t\t  \tdata-lazy = \"true\"\n\t\t\t\tdata-colorscheme = \"light\"\n\t\t\t\tdata-order-by = \"social\"\n\t\t\t\tdata-mobile=true>\n\t\t\t  <\/div><\/div>\n\t\t  <style>\n\t\t    .fb-background-color {\n\t\t\t\tbackground: #ffffff !important;\n\t\t\t}\n\t\t\t.fb_iframe_widget_fluid_desktop iframe {\n\t\t\t    width: 100% !important;\n\t\t\t}\n\t\t  <\/style>\n\t\t  ","protected":false},"excerpt":{"rendered":"<p>Este domingo, en horas del mediod\u00eda, el Intendente Municipal, Ing. Jos\u00e9 Luis Zara, particip\u00f3 de la inauguraci\u00f3n de la Escuela de Equitaci\u00f3n del Club H\u00edpico Villalonga. Lo acompa\u00f1aron el Jefe de Gabinete, Fabio Bettinelli, la delegada municipal, Valeria M\u00e9ndez, la Directora de Deportes, Eliana Pugnaloni, el Director de Cultura, Vicente Paredes, y el presidente del [&hellip;]<\/p>\n","protected":false},"author":4,"featured_media":32517,"comment_status":"closed","ping_status":"closed","sticky":false,"template":"","format":"standard","meta":{"_joinchat":[],"footnotes":""},"categories":[39],"tags":[],"class_list":["post-32516","post","type-post","status-publish","format-standard","has-post-thumbnail","hentry","category-en-esta-seccion"],"_links":{"self":[{"href":"https:\/\/www.elpolitologoyelpolitico.com.ar\/wordpress\/wp-json\/wp\/v2\/posts\/32516","targetHints":{"allow":["GET"]}}],"collection":[{"href":"https:\/\/www.elpolitologoyelpolitico.com.ar\/wordpress\/wp-json\/wp\/v2\/posts"}],"about":[{"href":"https:\/\/www.elpolitologoyelpolitico.com.ar\/wordpress\/wp-json\/wp\/v2\/types\/post"}],"author":[{"embeddable":true,"href":"https:\/\/www.elpolitologoyelpolitico.com.ar\/wordpress\/wp-json\/wp\/v2\/users\/4"}],"replies":[{"embeddable":true,"href":"https:\/\/www.elpolitologoyelpolitico.com.ar\/wordpress\/wp-json\/wp\/v2\/comments?post=32516"}],"version-history":[{"count":0,"href":"https:\/\/www.elpolitologoyelpolitico.com.ar\/wordpress\/wp-json\/wp\/v2\/posts\/32516\/revisions"}],"wp:featuredmedia":[{"embeddable":true,"href":"https:\/\/www.elpolitologoyelpolitico.com.ar\/wordpress\/wp-json\/wp\/v2\/media\/32517"}],"wp:attachment":[{"href":"https:\/\/www.elpolitologoyelpolitico.com.ar\/wordpress\/wp-json\/wp\/v2\/media?parent=32516"}],"wp:term":[{"taxonomy":"category","embeddable":true,"href":"https:\/\/www.elpolitologoyelpolitico.com.ar\/wordpress\/wp-json\/wp\/v2\/categories?post=32516"},{"taxonomy":"post_tag","embeddable":true,"href":"https:\/\/www.elpolitologoyelpolitico.com.ar\/wordpress\/wp-json\/wp\/v2\/tags?post=32516"}],"curies":[{"name":"wp","href":"https:\/\/api.w.org\/{rel}","templated":true}]}}