{"id":32512,"date":"2023-07-16T22:39:51","date_gmt":"2023-07-16T22:39:51","guid":{"rendered":"https:\/\/www.elpolitologoyelpolitico.com.ar\/wordpress\/?p=32512"},"modified":"2023-07-16T22:40:50","modified_gmt":"2023-07-16T22:40:50","slug":"matias-contreras-precandidato-a-concejal-en-patagones-hay-que-ayudar-a-los-emprendedores-con-teorias-nuevas-en-donde-se-cuiden-los-recursos-naturales-y-su-explotacion","status":"publish","type":"post","link":"https:\/\/www.elpolitologoyelpolitico.com.ar\/wordpress\/2023\/07\/16\/matias-contreras-precandidato-a-concejal-en-patagones-hay-que-ayudar-a-los-emprendedores-con-teorias-nuevas-en-donde-se-cuiden-los-recursos-naturales-y-su-explotacion\/","title":{"rendered":"Mat\u00edas Contreras precandidato a Concejal en Patagones \u201cHay que ayudar a los emprendedores con teor\u00edas nuevas, en donde se cuiden los recursos naturales y su explotaci\u00f3n\u201d"},"content":{"rendered":"\n<p>Mat\u00edas Contreras es precandidato a Concejal titular en Patagones por el espacio pol\u00edtico Uni\u00f3n por la Patria- Lista 6.<\/p>\n\n\n\n<p>Mat\u00edas es padre de dos hijos y tiene 33 a\u00f1os. Comerciante\/productor. Estudi\u00f3 en la Universidad del Sur y milita desde que inicio su carrera universitaria.&nbsp;<\/p>\n\n\n\n<p>Seg\u00fan Contreras <strong>\u00abHoy tenemos que hablar de Gesti\u00f3n y consenso para poder llegar a los proyectos y eso se logra a trav\u00e9s de los objetivos\u00bb.&nbsp;<\/strong><\/p>\n\n\n\n<p>Con respecto a sus propuestas en Salud indic\u00f3 <strong>\u00abEn el \u00e1rea de salud hay que apuntar a la carrera hospitalaria que es lo que venimos hablando con Fabricio Olego\u00bb&nbsp;<\/strong><\/p>\n\n\n\n<p>El precandidato a Concejal&nbsp; hablo sobre un proyecto de autonom\u00eda funcional&nbsp; y expres\u00f3<strong> \u201cEl Proyecto de autonom\u00eda funcional para el Partido permitir\u00e1 una matriz econ\u00f3mica sustentable, con fuerte presencia del Estado, salario y empleo\u201d.<\/strong><\/p>\n\n\n\n<p>Agreg\u00f3<strong> \u201cHay que ayudar a los emprendedores con teor\u00edas nuevas, en donde se cuiden los recursos naturales y su explotaci\u00f3n\u201d&nbsp;<\/strong><\/p>\n\n\n\n<p><strong>Innovaci\u00f3n, tecnolog\u00eda y presencia del Estado.&nbsp;<\/strong><\/p>\n\n\n\n<p>Mat\u00edas Contreras coment\u00f3 <strong>\u201cHoy no hay tierras para producir y no tenemos como hacerlo con la manera tradicional hay que apuntarlo con la innovaci\u00f3n. No hay recursos por parte del Estado para ciertos emprendimientos nuevos y hay muchos vecinos que quieren emprender y no pueden. Se necesita la ayuda del Estado\u201d&nbsp;<\/strong><\/p>\n\n\n\n<p>Por \u00faltimo sostuvo<strong> \u201cHay mucha gente con intenci\u00f3n de trabajar pero el tema es el desamparo. Hay que ayudar desde el Estado para que puedan arrancar con el emprendimiento. Ideas y gente para hacerlo nos sobra en el Partido\u201d.<\/strong><\/p>\n<div class=\"fb-background-color\">\n\t\t\t  <div \n\t\t\t  \tclass = \"fb-comments\" \n\t\t\t  \tdata-href = \"https:\/\/www.elpolitologoyelpolitico.com.ar\/wordpress\/2023\/07\/16\/matias-contreras-precandidato-a-concejal-en-patagones-hay-que-ayudar-a-los-emprendedores-con-teorias-nuevas-en-donde-se-cuiden-los-recursos-naturales-y-su-explotacion\/\"\n\t\t\t  \tdata-numposts = \"10\"\n\t\t\t  \tdata-lazy = \"true\"\n\t\t\t\tdata-colorscheme = \"light\"\n\t\t\t\tdata-order-by = \"social\"\n\t\t\t\tdata-mobile=true>\n\t\t\t  <\/div><\/div>\n\t\t  <style>\n\t\t    .fb-background-color {\n\t\t\t\tbackground: #ffffff !important;\n\t\t\t}\n\t\t\t.fb_iframe_widget_fluid_desktop iframe {\n\t\t\t    width: 100% !important;\n\t\t\t}\n\t\t  <\/style>\n\t\t  ","protected":false},"excerpt":{"rendered":"<p>Mat\u00edas Contreras es precandidato a Concejal titular en Patagones por el espacio pol\u00edtico Uni\u00f3n por la Patria- Lista 6. Mat\u00edas es padre de dos hijos y tiene 33 a\u00f1os. Comerciante\/productor. Estudi\u00f3 en la Universidad del Sur y milita desde que inicio su carrera universitaria.&nbsp; Seg\u00fan Contreras \u00abHoy tenemos que hablar de Gesti\u00f3n y consenso para [&hellip;]<\/p>\n","protected":false},"author":4,"featured_media":32513,"comment_status":"closed","ping_status":"closed","sticky":false,"template":"","format":"standard","meta":{"_joinchat":[],"footnotes":""},"categories":[38],"tags":[],"class_list":["post-32512","post","type-post","status-publish","format-standard","has-post-thumbnail","hentry","category-elecciones"],"_links":{"self":[{"href":"https:\/\/www.elpolitologoyelpolitico.com.ar\/wordpress\/wp-json\/wp\/v2\/posts\/32512","targetHints":{"allow":["GET"]}}],"collection":[{"href":"https:\/\/www.elpolitologoyelpolitico.com.ar\/wordpress\/wp-json\/wp\/v2\/posts"}],"about":[{"href":"https:\/\/www.elpolitologoyelpolitico.com.ar\/wordpress\/wp-json\/wp\/v2\/types\/post"}],"author":[{"embeddable":true,"href":"https:\/\/www.elpolitologoyelpolitico.com.ar\/wordpress\/wp-json\/wp\/v2\/users\/4"}],"replies":[{"embeddable":true,"href":"https:\/\/www.elpolitologoyelpolitico.com.ar\/wordpress\/wp-json\/wp\/v2\/comments?post=32512"}],"version-history":[{"count":0,"href":"https:\/\/www.elpolitologoyelpolitico.com.ar\/wordpress\/wp-json\/wp\/v2\/posts\/32512\/revisions"}],"wp:featuredmedia":[{"embeddable":true,"href":"https:\/\/www.elpolitologoyelpolitico.com.ar\/wordpress\/wp-json\/wp\/v2\/media\/32513"}],"wp:attachment":[{"href":"https:\/\/www.elpolitologoyelpolitico.com.ar\/wordpress\/wp-json\/wp\/v2\/media?parent=32512"}],"wp:term":[{"taxonomy":"category","embeddable":true,"href":"https:\/\/www.elpolitologoyelpolitico.com.ar\/wordpress\/wp-json\/wp\/v2\/categories?post=32512"},{"taxonomy":"post_tag","embeddable":true,"href":"https:\/\/www.elpolitologoyelpolitico.com.ar\/wordpress\/wp-json\/wp\/v2\/tags?post=32512"}],"curies":[{"name":"wp","href":"https:\/\/api.w.org\/{rel}","templated":true}]}}