{"id":32506,"date":"2023-07-16T18:48:39","date_gmt":"2023-07-16T18:48:39","guid":{"rendered":"https:\/\/www.elpolitologoyelpolitico.com.ar\/wordpress\/?p=32506"},"modified":"2023-07-16T18:48:41","modified_gmt":"2023-07-16T18:48:41","slug":"nuestro-proyecto-impulsa-emprendimientos-de-mujeres-y-disidencias","status":"publish","type":"post","link":"https:\/\/www.elpolitologoyelpolitico.com.ar\/wordpress\/2023\/07\/16\/nuestro-proyecto-impulsa-emprendimientos-de-mujeres-y-disidencias\/","title":{"rendered":"Nuestro Proyecto\u201d impulsa emprendimientos de mujeres y disidencias"},"content":{"rendered":"\n<p>El Ministerio de Desarrollo Humano y Articulaci\u00f3n Solidaria present\u00f3 \u00abNuestro Proyecto\u00bb, un programa de apoyo econ\u00f3mico destinado a propuestas colectivas de organizaciones, desarrollado por y para mujeres y disidencias sexuales.<\/p>\n\n\n\n<p>El Ministerio de Desarrollo Humano y Articulaci\u00f3n Solidaria present\u00f3 \u00abNuestro Proyecto\u00bb, un programa de apoyo econ\u00f3mico destinado a propuestas colectivas de organizaciones, desarrollado por y para mujeres y disidencias sexuales.<\/p>\n\n\n\n<p>El mismo impulsado por la Secretar\u00eda de Pol\u00edticas de G\u00e9nero y Diversidad Sexual, que se crea con el fin de seguir generando pol\u00edticas activas que acompa\u00f1en su desarrollo econ\u00f3mico, mediante el impulso de proyectos de organizaciones de la sociedad civil, en todo el territorio provincial.<\/p>\n\n\n\n<p>El financiamiento apunta a solventar necesidades puntuales y podr\u00e1 ser destinado para compra de equipamiento o insumos.<\/p>\n\n\n\n<p>La Secretaria del \u00e1rea, Luz Val Heredia, explic\u00f3 que \u201ceste programa se enmarca dentro de uno de los ejes estrat\u00e9gicos de las pol\u00edticas de g\u00e9nero y diversidad sexual de la provincia y tiene que ver con la decisi\u00f3n de promover la autonom\u00eda econ\u00f3mica de las mujeres y disidencias&nbsp;&nbsp;como uno de los puntos clave para abordar las violencias de g\u00e9nero y las desigualdades estructurales\u201d.<\/p>\n\n\n\n<p>Asimismo, agreg\u00f3 que \u201cevaluamos la necesidad de generar una propuesta para acompa\u00f1ar a aquellos grupos que no se encuentran en la econom\u00eda formal, apostando a que puedan crecer, para avanzar en su formalizaci\u00f3n\u201d.<\/p>\n\n\n\n<p>En tanto, la Ministra de Desarrollo Humano, Luciana de la Fuente, coment\u00f3 que: \u00abdesde la cartera venimos trabajando hace un largo tiempo para disminuir las desigualdades laborales estructurales entre hombres y mujeres y disidencias sexuales, que contin\u00faan visualiz\u00e1ndose en las brechas de acceso a oportunidades, bienes y recursos, participaci\u00f3n en ciertos empleos, as\u00ed como el acceso desigual al salario, entre otras variables, por lo que trabajamos activamente para acompa\u00f1ar y fortalecer la autonom\u00eda laboral, formal, productiva y genuina\u00bb.<\/p>\n\n\n\n<p>Tambi\u00e9n indic\u00f3 que: \u00abel programa es el resultado de un trabajo que viene realizando el gobierno de Arabela Carreras, articuladamente con otros organismos e instituciones. Desde la Secretar\u00eda de Pol\u00edticas de G\u00e9nero y Diversidad Sexual se viene capacitando, acompa\u00f1ando y guiando a las mujeres y disidencias en estas cuestiones\u00bb.<\/p>\n\n\n\n<p>Para anotarse, las personas deben completar un formulario de inscripci\u00f3n que se encuentra disponible en la p\u00e1gina web:&nbsp;generos.rionegro.gov.ar. La convocatoria estar\u00e1 disponible hasta el 31 de agosto.<\/p>\n<div class=\"fb-background-color\">\n\t\t\t  <div \n\t\t\t  \tclass = \"fb-comments\" \n\t\t\t  \tdata-href = \"https:\/\/www.elpolitologoyelpolitico.com.ar\/wordpress\/2023\/07\/16\/nuestro-proyecto-impulsa-emprendimientos-de-mujeres-y-disidencias\/\"\n\t\t\t  \tdata-numposts = \"10\"\n\t\t\t  \tdata-lazy = \"true\"\n\t\t\t\tdata-colorscheme = \"light\"\n\t\t\t\tdata-order-by = \"social\"\n\t\t\t\tdata-mobile=true>\n\t\t\t  <\/div><\/div>\n\t\t  <style>\n\t\t    .fb-background-color {\n\t\t\t\tbackground: #ffffff !important;\n\t\t\t}\n\t\t\t.fb_iframe_widget_fluid_desktop iframe {\n\t\t\t    width: 100% !important;\n\t\t\t}\n\t\t  <\/style>\n\t\t  ","protected":false},"excerpt":{"rendered":"<p>El Ministerio de Desarrollo Humano y Articulaci\u00f3n Solidaria present\u00f3 \u00abNuestro Proyecto\u00bb, un programa de apoyo econ\u00f3mico destinado a propuestas colectivas de organizaciones, desarrollado por y para mujeres y disidencias sexuales. El Ministerio de Desarrollo Humano y Articulaci\u00f3n Solidaria present\u00f3 \u00abNuestro Proyecto\u00bb, un programa de apoyo econ\u00f3mico destinado a propuestas colectivas de organizaciones, desarrollado por y [&hellip;]<\/p>\n","protected":false},"author":4,"featured_media":32507,"comment_status":"closed","ping_status":"closed","sticky":false,"template":"","format":"standard","meta":{"_joinchat":[],"footnotes":""},"categories":[4],"tags":[],"class_list":["post-32506","post","type-post","status-publish","format-standard","has-post-thumbnail","hentry","category-politicas-publicas"],"_links":{"self":[{"href":"https:\/\/www.elpolitologoyelpolitico.com.ar\/wordpress\/wp-json\/wp\/v2\/posts\/32506","targetHints":{"allow":["GET"]}}],"collection":[{"href":"https:\/\/www.elpolitologoyelpolitico.com.ar\/wordpress\/wp-json\/wp\/v2\/posts"}],"about":[{"href":"https:\/\/www.elpolitologoyelpolitico.com.ar\/wordpress\/wp-json\/wp\/v2\/types\/post"}],"author":[{"embeddable":true,"href":"https:\/\/www.elpolitologoyelpolitico.com.ar\/wordpress\/wp-json\/wp\/v2\/users\/4"}],"replies":[{"embeddable":true,"href":"https:\/\/www.elpolitologoyelpolitico.com.ar\/wordpress\/wp-json\/wp\/v2\/comments?post=32506"}],"version-history":[{"count":0,"href":"https:\/\/www.elpolitologoyelpolitico.com.ar\/wordpress\/wp-json\/wp\/v2\/posts\/32506\/revisions"}],"wp:featuredmedia":[{"embeddable":true,"href":"https:\/\/www.elpolitologoyelpolitico.com.ar\/wordpress\/wp-json\/wp\/v2\/media\/32507"}],"wp:attachment":[{"href":"https:\/\/www.elpolitologoyelpolitico.com.ar\/wordpress\/wp-json\/wp\/v2\/media?parent=32506"}],"wp:term":[{"taxonomy":"category","embeddable":true,"href":"https:\/\/www.elpolitologoyelpolitico.com.ar\/wordpress\/wp-json\/wp\/v2\/categories?post=32506"},{"taxonomy":"post_tag","embeddable":true,"href":"https:\/\/www.elpolitologoyelpolitico.com.ar\/wordpress\/wp-json\/wp\/v2\/tags?post=32506"}],"curies":[{"name":"wp","href":"https:\/\/api.w.org\/{rel}","templated":true}]}}