{"id":32502,"date":"2023-07-16T01:26:37","date_gmt":"2023-07-16T01:26:37","guid":{"rendered":"https:\/\/www.elpolitologoyelpolitico.com.ar\/wordpress\/?p=32502"},"modified":"2023-07-16T01:26:39","modified_gmt":"2023-07-16T01:26:39","slug":"las-capacitaciones-de-emprender-cultura-inician-en-agosto","status":"publish","type":"post","link":"https:\/\/www.elpolitologoyelpolitico.com.ar\/wordpress\/2023\/07\/16\/las-capacitaciones-de-emprender-cultura-inician-en-agosto\/","title":{"rendered":"Las capacitaciones de Emprender Cultura inician en agosto"},"content":{"rendered":"\n<p>El Secretario de Estado de Cultura, Ariel Avalos, anunci\u00f3 que en agosto comenzar\u00e1n las capacitaciones del Emprender Cultura, y adelant\u00f3 que podr\u00e1n ser parte de ellas todas las personas que hayan presentado sus proyectos hasta el 31 de julio.<\/p>\n\n\n\n<p>De esta manera, j\u00f3venes de toda la provincia podr\u00e1n participar de capacitaciones en diferentes tem\u00e1ticas que les permitir\u00e1n avanzar en la concreci\u00f3n de sus proyectos.<\/p>\n\n\n\n<p>Las capacitaciones comenzar\u00e1n en agosto, se desarrollar\u00e1n de manera online y sus tem\u00e1ticas tratar\u00e1n sobre construcci\u00f3n de proyectos culturales, materia impositiva, redes sociales y marketing para emprendedores. Al finalizar, se entregar\u00e1n certificados de participaci\u00f3n.<\/p>\n\n\n\n<p>Para participar, los interesados e interesadas deber\u00e1n enviar su proyecto cultural a&nbsp;<br>emprenderculturarn@gmail.com.<br>Al finalizar la fecha de inscripci\u00f3n, se evaluar\u00e1 el total de propuestas recibidas y se realizar\u00e1 una selecci\u00f3n de aquellas que podr\u00e1n ser desarrolladas.<\/p>\n\n\n\n<p>Emprender Cultura tiene como fin fortalecer la cultura en distintos puntos del territorio provincial a trav\u00e9s de la construcci\u00f3n de espacios plurales y participativos para j\u00f3venes rionegrinos&nbsp; de entre 18 y 29 a\u00f1os.<\/p>\n<div class=\"fb-background-color\">\n\t\t\t  <div \n\t\t\t  \tclass = \"fb-comments\" \n\t\t\t  \tdata-href = \"https:\/\/www.elpolitologoyelpolitico.com.ar\/wordpress\/2023\/07\/16\/las-capacitaciones-de-emprender-cultura-inician-en-agosto\/\"\n\t\t\t  \tdata-numposts = \"10\"\n\t\t\t  \tdata-lazy = \"true\"\n\t\t\t\tdata-colorscheme = \"light\"\n\t\t\t\tdata-order-by = \"social\"\n\t\t\t\tdata-mobile=true>\n\t\t\t  <\/div><\/div>\n\t\t  <style>\n\t\t    .fb-background-color {\n\t\t\t\tbackground: #ffffff !important;\n\t\t\t}\n\t\t\t.fb_iframe_widget_fluid_desktop iframe {\n\t\t\t    width: 100% !important;\n\t\t\t}\n\t\t  <\/style>\n\t\t  ","protected":false},"excerpt":{"rendered":"<p>El Secretario de Estado de Cultura, Ariel Avalos, anunci\u00f3 que en agosto comenzar\u00e1n las capacitaciones del Emprender Cultura, y adelant\u00f3 que podr\u00e1n ser parte de ellas todas las personas que hayan presentado sus proyectos hasta el 31 de julio. De esta manera, j\u00f3venes de toda la provincia podr\u00e1n participar de capacitaciones en diferentes tem\u00e1ticas que [&hellip;]<\/p>\n","protected":false},"author":4,"featured_media":32503,"comment_status":"closed","ping_status":"closed","sticky":false,"template":"","format":"standard","meta":{"_joinchat":[],"footnotes":""},"categories":[4],"tags":[],"class_list":["post-32502","post","type-post","status-publish","format-standard","has-post-thumbnail","hentry","category-politicas-publicas"],"_links":{"self":[{"href":"https:\/\/www.elpolitologoyelpolitico.com.ar\/wordpress\/wp-json\/wp\/v2\/posts\/32502","targetHints":{"allow":["GET"]}}],"collection":[{"href":"https:\/\/www.elpolitologoyelpolitico.com.ar\/wordpress\/wp-json\/wp\/v2\/posts"}],"about":[{"href":"https:\/\/www.elpolitologoyelpolitico.com.ar\/wordpress\/wp-json\/wp\/v2\/types\/post"}],"author":[{"embeddable":true,"href":"https:\/\/www.elpolitologoyelpolitico.com.ar\/wordpress\/wp-json\/wp\/v2\/users\/4"}],"replies":[{"embeddable":true,"href":"https:\/\/www.elpolitologoyelpolitico.com.ar\/wordpress\/wp-json\/wp\/v2\/comments?post=32502"}],"version-history":[{"count":0,"href":"https:\/\/www.elpolitologoyelpolitico.com.ar\/wordpress\/wp-json\/wp\/v2\/posts\/32502\/revisions"}],"wp:featuredmedia":[{"embeddable":true,"href":"https:\/\/www.elpolitologoyelpolitico.com.ar\/wordpress\/wp-json\/wp\/v2\/media\/32503"}],"wp:attachment":[{"href":"https:\/\/www.elpolitologoyelpolitico.com.ar\/wordpress\/wp-json\/wp\/v2\/media?parent=32502"}],"wp:term":[{"taxonomy":"category","embeddable":true,"href":"https:\/\/www.elpolitologoyelpolitico.com.ar\/wordpress\/wp-json\/wp\/v2\/categories?post=32502"},{"taxonomy":"post_tag","embeddable":true,"href":"https:\/\/www.elpolitologoyelpolitico.com.ar\/wordpress\/wp-json\/wp\/v2\/tags?post=32502"}],"curies":[{"name":"wp","href":"https:\/\/api.w.org\/{rel}","templated":true}]}}