{"id":32498,"date":"2023-07-15T22:58:39","date_gmt":"2023-07-15T22:58:39","guid":{"rendered":"https:\/\/www.elpolitologoyelpolitico.com.ar\/wordpress\/?p=32498"},"modified":"2023-07-15T22:59:29","modified_gmt":"2023-07-15T22:59:29","slug":"tenemos-que-valorar-la-gestion-de-axel-kicillof-y-sera-reelecto-vamos-a-tener-un-vinculo-magnifico-a-partir-del-11-de-diciembre-en-la-gestion","status":"publish","type":"post","link":"https:\/\/www.elpolitologoyelpolitico.com.ar\/wordpress\/2023\/07\/15\/tenemos-que-valorar-la-gestion-de-axel-kicillof-y-sera-reelecto-vamos-a-tener-un-vinculo-magnifico-a-partir-del-11-de-diciembre-en-la-gestion\/","title":{"rendered":"\u201cTenemos que valorar la Gesti\u00f3n de Axel Kicillof y ser\u00e1 reelecto. Vamos a tener un vinculo magnifico a partir del 11 de diciembre en la gesti\u00f3n\u201d"},"content":{"rendered":"\n<p>Rodrigo Aurrecohea es abogado y trabaja en el \u00e1mbito privado. Viene de una familia comerciante y su madre del \u00e1mbito docente.&nbsp;<\/p>\n\n\n\n<p>Desde los 18 a\u00f1os est\u00e1 militando, con el objetivo de ayudar a quienes lo necesitan a trav\u00e9s de diversos proyectos.<\/p>\n\n\n\n<p>En estas elecciones 2023, Rodrigo Aurrecochea es precandidato a Intendente de Uni\u00f3n por la Patria (Lista 2).<\/p>\n\n\n\n<p>En Patagones hay cuatro listas de Uni\u00f3n por la Patria y el 13 de agosto solo una representar\u00e1 a este espacio en las elecciones generales de octubre.<\/p>\n\n\n\n<p>Seg\u00fan Aurrecochea<strong> \u00abProyecto Patagones apunta a consolidar un espacio amplio sin importar las banderas pol\u00edticas sino que apunta a un \u00fanico objetivo que es el desarrollo productivo y encontrar las soluciones sociales, culturales, tur\u00edsticas y deportivas para una sociedad como es la del Partido de Patagones. Este proyecto es para toda la sociedad, incluyendo a los j\u00f3venes\u201d.<\/strong><\/p>\n\n\n\n<p>Agreg\u00f3<strong> \u00abNosotros tenemos que tener en claro que clase de municipio queremos. Debemos proponernos ir mas all\u00e1 y generar un cambio de gesti\u00f3n en t\u00e9rminos de lo que se venia trabajando que es una intendencia tradicional y apuntar a un municipio activo en la matriz econ\u00f3mica que genere desarrollo productivo a trav\u00e9s de emprendimientos, aprovechando los recursos como las ostras, trabajar los chacinados y ayudarse lo publico\/ privado para generar mano de obra calificada\u201d<\/strong><\/p>\n\n\n\n<p><strong>Propuestas del Precandidato a Intendente;<\/strong><\/p>\n\n\n\n<p>\u25cf Transporte gratuito para los Estudiantes y trabajadores que necesita del colectivo todos los d\u00edas.<\/p>\n\n\n\n<p>\u25cf Lograr una justicia social para todos los Ciudadanos del Partido de Patagones<\/p>\n\n\n\n<p>\u25cf Salarios dignos para los empleados municipales y trabajo corrido de 8 horas.&nbsp;<\/p>\n\n\n\n<p>\u25cf Incorporaci\u00f3n de la tecnolog\u00eda en todo el \u00e1mbito municipal.<\/p>\n\n\n\n<p>\u25cf Turnos Online para realizar distintos tramites municipales (incluyendo los turnos en el \u00e1mbito de salud para evitar que la gente no haga largas filas)<\/p>\n\n\n\n<p>\u25cf Fortalecer el trabajo en los perif\u00e9ricos con atenci\u00f3n en todos los barrios y descongestionar el hospital Pedro Ecay con horarios de corrido y buenos sueldos.&nbsp;<\/p>\n\n\n\n<p><strong>Propuesta para el Interior del Partido de Patagones<\/strong><\/p>\n\n\n\n<p>\u25cf Descentralizaci\u00f3n presencial y digital, con acceso a todos los tramites de manera digital.<\/p>\n\n\n\n<p>\u25cf Presentaci\u00f3n de tramites y firmas digitales para que los vecinos no viajen del Interior hasta Carmen de Patagones utilizando una aplicaci\u00f3n con diferentes secciones (Turismo, Deportes, ARM, Salud, etc)&nbsp;<\/p>\n\n\n\n<p>Por otra parte, Aurrecochea indic\u00f3 <strong>\u201cNosotros debemos avanzar porque la tecnolog\u00eda no esta pasando por arriba y no nos estamos dando cuenta. Si tenemos un avance, nos tenemos que acoplar a eso y poder ayudar a la comunidad a resolver sus problemas y tenemos que aprovechar lo que tenemos que es la tecnificaci\u00f3n\u201d.<\/strong><\/p>\n\n\n\n<p><strong>Agenda de trabajo con Provincia<\/strong><\/p>\n\n\n\n<p>El Precandidato a Intendente sostuvo que su relaci\u00f3n con el actual gobernador Axel Kicillof es excelente:<\/p>\n\n\n\n<p><strong>\u00abCon Axel tenemos un gran vinculo que vamos a seguir apostando. Kicillof fue el mejor gobernador de la historia de la Provincia de Buenos Aires porque ha logrado integrar la Provincia\u201d<\/strong><\/p>\n\n\n\n<p>Agreg\u00f3 \u201c<strong>A nosotros antes no nos ve\u00edan con la \u00edmpetu que nos ven hoy y haber hecho la Casa de la Provincia nos muestra a la cara de que esta apostando a la Provincia. No nos olvidemos que la Provincia tiene 17 millones de habitantes y creemos que el gobernador hizo mucho por Patagones como obras de jardines, pavimentos, etc\u201d.<\/strong><\/p>\n\n\n\n<p>Por ultimo aclar\u00f3<strong> \u201cTenemos que valorar la Gesti\u00f3n de Axel Kicillof y ser\u00e1 reelecto. Vamos a tener un vinculo magnifico a partir del 11 de diciembre en la gesti\u00f3n\u201d&nbsp;<\/strong><\/p>\n<div class=\"fb-background-color\">\n\t\t\t  <div \n\t\t\t  \tclass = \"fb-comments\" \n\t\t\t  \tdata-href = \"https:\/\/www.elpolitologoyelpolitico.com.ar\/wordpress\/2023\/07\/15\/tenemos-que-valorar-la-gestion-de-axel-kicillof-y-sera-reelecto-vamos-a-tener-un-vinculo-magnifico-a-partir-del-11-de-diciembre-en-la-gestion\/\"\n\t\t\t  \tdata-numposts = \"10\"\n\t\t\t  \tdata-lazy = \"true\"\n\t\t\t\tdata-colorscheme = \"light\"\n\t\t\t\tdata-order-by = \"social\"\n\t\t\t\tdata-mobile=true>\n\t\t\t  <\/div><\/div>\n\t\t  <style>\n\t\t    .fb-background-color {\n\t\t\t\tbackground: #ffffff !important;\n\t\t\t}\n\t\t\t.fb_iframe_widget_fluid_desktop iframe {\n\t\t\t    width: 100% !important;\n\t\t\t}\n\t\t  <\/style>\n\t\t  ","protected":false},"excerpt":{"rendered":"<p>Rodrigo Aurrecohea es abogado y trabaja en el \u00e1mbito privado. Viene de una familia comerciante y su madre del \u00e1mbito docente.&nbsp; Desde los 18 a\u00f1os est\u00e1 militando, con el objetivo de ayudar a quienes lo necesitan a trav\u00e9s de diversos proyectos. En estas elecciones 2023, Rodrigo Aurrecochea es precandidato a Intendente de Uni\u00f3n por la [&hellip;]<\/p>\n","protected":false},"author":4,"featured_media":32499,"comment_status":"closed","ping_status":"closed","sticky":false,"template":"","format":"standard","meta":{"_joinchat":[],"footnotes":""},"categories":[38],"tags":[],"class_list":["post-32498","post","type-post","status-publish","format-standard","has-post-thumbnail","hentry","category-elecciones"],"_links":{"self":[{"href":"https:\/\/www.elpolitologoyelpolitico.com.ar\/wordpress\/wp-json\/wp\/v2\/posts\/32498","targetHints":{"allow":["GET"]}}],"collection":[{"href":"https:\/\/www.elpolitologoyelpolitico.com.ar\/wordpress\/wp-json\/wp\/v2\/posts"}],"about":[{"href":"https:\/\/www.elpolitologoyelpolitico.com.ar\/wordpress\/wp-json\/wp\/v2\/types\/post"}],"author":[{"embeddable":true,"href":"https:\/\/www.elpolitologoyelpolitico.com.ar\/wordpress\/wp-json\/wp\/v2\/users\/4"}],"replies":[{"embeddable":true,"href":"https:\/\/www.elpolitologoyelpolitico.com.ar\/wordpress\/wp-json\/wp\/v2\/comments?post=32498"}],"version-history":[{"count":0,"href":"https:\/\/www.elpolitologoyelpolitico.com.ar\/wordpress\/wp-json\/wp\/v2\/posts\/32498\/revisions"}],"wp:featuredmedia":[{"embeddable":true,"href":"https:\/\/www.elpolitologoyelpolitico.com.ar\/wordpress\/wp-json\/wp\/v2\/media\/32499"}],"wp:attachment":[{"href":"https:\/\/www.elpolitologoyelpolitico.com.ar\/wordpress\/wp-json\/wp\/v2\/media?parent=32498"}],"wp:term":[{"taxonomy":"category","embeddable":true,"href":"https:\/\/www.elpolitologoyelpolitico.com.ar\/wordpress\/wp-json\/wp\/v2\/categories?post=32498"},{"taxonomy":"post_tag","embeddable":true,"href":"https:\/\/www.elpolitologoyelpolitico.com.ar\/wordpress\/wp-json\/wp\/v2\/tags?post=32498"}],"curies":[{"name":"wp","href":"https:\/\/api.w.org\/{rel}","templated":true}]}}