{"id":32487,"date":"2023-07-15T20:40:40","date_gmt":"2023-07-15T20:40:40","guid":{"rendered":"https:\/\/www.elpolitologoyelpolitico.com.ar\/wordpress\/?p=32487"},"modified":"2023-07-15T20:40:42","modified_gmt":"2023-07-15T20:40:42","slug":"provincia-dara-una-capacitacion-en-conservacion-para-museos-y-bibliotecas","status":"publish","type":"post","link":"https:\/\/www.elpolitologoyelpolitico.com.ar\/wordpress\/2023\/07\/15\/provincia-dara-una-capacitacion-en-conservacion-para-museos-y-bibliotecas\/","title":{"rendered":"Provincia dar\u00e1 una capacitaci\u00f3n en conservaci\u00f3n para museos y bibliotecas"},"content":{"rendered":"\n<p>Organizada por la Secretar\u00eda de Estado de Cultura, se llevar\u00e1 a cabo de manera virtual una capacitaci\u00f3n en conservaci\u00f3n para museos y bibliotecas.<\/p>\n\n\n\n<p>Ser\u00e1 el 24 de julio, requerir\u00e1 inscripci\u00f3n previa en&nbsp;cultura.rionegro.gov.ar,&nbsp;y estar\u00e1 destinada a trabajadores y trabajadoras de Bibliotecas, Museos y Archivos con el objetivo de sumar herramientas para la conservaci\u00f3n del patrimonio bibliogr\u00e1fico y archiv\u00edstico de estas instituciones.<\/p>\n\n\n\n<p>Esta capacitaci\u00f3n estar\u00e1 a cargo de Mar\u00eda Celeste Vasicek y Pilar Casanova, y abordar\u00e1 los siguientes temas: conservaci\u00f3n preventiva, conservaci\u00f3n curativa, restauraci\u00f3n, factores de riesgo, factores de deterioro, tipos de guardas y limpieza libros y documentos, entre otros.&nbsp;<\/p>\n\n\n\n<p>El Gobierno Provincial brinda as\u00ed m\u00e1s herramientas de capacitaci\u00f3n del recurso humano de las instituciones rionegrinas dedicadas a la conservaci\u00f3n y protecci\u00f3n patrimonial.<\/p>\n<div class=\"fb-background-color\">\n\t\t\t  <div \n\t\t\t  \tclass = \"fb-comments\" \n\t\t\t  \tdata-href = \"https:\/\/www.elpolitologoyelpolitico.com.ar\/wordpress\/2023\/07\/15\/provincia-dara-una-capacitacion-en-conservacion-para-museos-y-bibliotecas\/\"\n\t\t\t  \tdata-numposts = \"10\"\n\t\t\t  \tdata-lazy = \"true\"\n\t\t\t\tdata-colorscheme = \"light\"\n\t\t\t\tdata-order-by = \"social\"\n\t\t\t\tdata-mobile=true>\n\t\t\t  <\/div><\/div>\n\t\t  <style>\n\t\t    .fb-background-color {\n\t\t\t\tbackground: #ffffff !important;\n\t\t\t}\n\t\t\t.fb_iframe_widget_fluid_desktop iframe {\n\t\t\t    width: 100% !important;\n\t\t\t}\n\t\t  <\/style>\n\t\t  ","protected":false},"excerpt":{"rendered":"<p>Organizada por la Secretar\u00eda de Estado de Cultura, se llevar\u00e1 a cabo de manera virtual una capacitaci\u00f3n en conservaci\u00f3n para museos y bibliotecas. Ser\u00e1 el 24 de julio, requerir\u00e1 inscripci\u00f3n previa en&nbsp;cultura.rionegro.gov.ar,&nbsp;y estar\u00e1 destinada a trabajadores y trabajadoras de Bibliotecas, Museos y Archivos con el objetivo de sumar herramientas para la conservaci\u00f3n del patrimonio bibliogr\u00e1fico [&hellip;]<\/p>\n","protected":false},"author":4,"featured_media":32488,"comment_status":"closed","ping_status":"closed","sticky":false,"template":"","format":"standard","meta":{"_joinchat":[],"footnotes":""},"categories":[39],"tags":[],"class_list":["post-32487","post","type-post","status-publish","format-standard","has-post-thumbnail","hentry","category-en-esta-seccion"],"_links":{"self":[{"href":"https:\/\/www.elpolitologoyelpolitico.com.ar\/wordpress\/wp-json\/wp\/v2\/posts\/32487","targetHints":{"allow":["GET"]}}],"collection":[{"href":"https:\/\/www.elpolitologoyelpolitico.com.ar\/wordpress\/wp-json\/wp\/v2\/posts"}],"about":[{"href":"https:\/\/www.elpolitologoyelpolitico.com.ar\/wordpress\/wp-json\/wp\/v2\/types\/post"}],"author":[{"embeddable":true,"href":"https:\/\/www.elpolitologoyelpolitico.com.ar\/wordpress\/wp-json\/wp\/v2\/users\/4"}],"replies":[{"embeddable":true,"href":"https:\/\/www.elpolitologoyelpolitico.com.ar\/wordpress\/wp-json\/wp\/v2\/comments?post=32487"}],"version-history":[{"count":0,"href":"https:\/\/www.elpolitologoyelpolitico.com.ar\/wordpress\/wp-json\/wp\/v2\/posts\/32487\/revisions"}],"wp:featuredmedia":[{"embeddable":true,"href":"https:\/\/www.elpolitologoyelpolitico.com.ar\/wordpress\/wp-json\/wp\/v2\/media\/32488"}],"wp:attachment":[{"href":"https:\/\/www.elpolitologoyelpolitico.com.ar\/wordpress\/wp-json\/wp\/v2\/media?parent=32487"}],"wp:term":[{"taxonomy":"category","embeddable":true,"href":"https:\/\/www.elpolitologoyelpolitico.com.ar\/wordpress\/wp-json\/wp\/v2\/categories?post=32487"},{"taxonomy":"post_tag","embeddable":true,"href":"https:\/\/www.elpolitologoyelpolitico.com.ar\/wordpress\/wp-json\/wp\/v2\/tags?post=32487"}],"curies":[{"name":"wp","href":"https:\/\/api.w.org\/{rel}","templated":true}]}}