{"id":32482,"date":"2023-07-15T01:01:36","date_gmt":"2023-07-15T01:01:36","guid":{"rendered":"https:\/\/www.elpolitologoyelpolitico.com.ar\/wordpress\/?p=32482"},"modified":"2023-07-15T01:01:37","modified_gmt":"2023-07-15T01:01:37","slug":"el-intendente-zara-junto-a-productores-del-distrito-y-de-rio-negro-presento-un-petitorio-a-las-autoridades-de-senasa","status":"publish","type":"post","link":"https:\/\/www.elpolitologoyelpolitico.com.ar\/wordpress\/2023\/07\/15\/el-intendente-zara-junto-a-productores-del-distrito-y-de-rio-negro-presento-un-petitorio-a-las-autoridades-de-senasa\/","title":{"rendered":"El Intendente Zara, junto a productores del Distrito y de R\u00edo Negro, present\u00f3 un petitorio a las autoridades de SENASA"},"content":{"rendered":"\n<p>Este viernes, el Intendente Municipal, Ing. Jos\u00e9 Luis Zara, junto al Jefe de Gabinete, Fabio Bettinelli, la Subsecretaria de Desarrollo Territorial, Eloise Gaido, y el concejal Ricardo Angos particip\u00f3 de un encuentro con productores del Distrito, referentes de las sociedades rurales de Viedma, organismos de R\u00edo Negro y de algunas provincias que integran la zona patag\u00f3nica, en la Sociedad Rural de Carmen de Patagones, que fue trasmitida tambi\u00e9n de forma virtual.<\/p>\n\n\n\n<p>La convocatoria se centr\u00f3 en la elaboraci\u00f3n de un manifiesto expresando la preocupaci\u00f3n que gener\u00f3 haber tomado conocimiento que, mediante la Resoluci\u00f3n 528\/23, la SENASA autoriz\u00f3 el retorno a origen de reproductores que participen en la Muestra de la Sociedad Rural Argentina de Palermo, provenientes de la Zona Libre, sin vacunaci\u00f3n de Aftosa, lo que podr\u00eda afectar el status sanitario del Partido.<\/p>\n\n\n\n<p>En ese sentido, el documento elaborado se\u00f1ala que tal disposici\u00f3n fue efectuada de manera inconsulta a las organizaciones formales de productores y a los gobiernos de la Patagonia.<\/p>\n\n\n\n<p>Asimismo, indica que no fue tenido en cuenta el trabajo p\u00fablico y privado que permiti\u00f3 el logro de un estatus sanitario diferencial, el cual tambi\u00e9n implica un importante trabajo en mejorar las los controles de las barreras.<\/p>\n\n\n\n<p>Al concluir el manifiesto, las autoridades de gobierno y los productores solicitaron de manera un\u00e1nime que se revea y revierta de forma urgente la resoluci\u00f3n.<\/p>\n\n\n\n<p>Firmaron el manifiesto, junto al Intendente Zara, las autoridades de la Asociaci\u00f3n Ganadera de Villalonga; Asociaci\u00f3n Rural de Stroeder y Comisi\u00f3n Patagonia Norte de Asociaci\u00f3n Hereford; Asociaci\u00f3n Rural de Patagones; Secretar\u00eda de Ganader\u00eda de R\u00edo Negro; Sociedad Rural de Viedma, Comisi\u00f3n Patag\u00f3nica de Angus, entre otros.<\/p>\n\n\n\n<figure class=\"wp-block-gallery has-nested-images columns-default is-cropped wp-block-gallery-1 is-layout-flex wp-block-gallery-is-layout-flex\">\n<figure class=\"wp-block-image size-large\"><img fetchpriority=\"high\" decoding=\"async\" width=\"1024\" height=\"683\" data-id=\"32484\" src=\"https:\/\/www.elpolitologoyelpolitico.com.ar\/wp-content\/uploads\/2023\/07\/IMG-20230714-WA0050-1024x683.jpg\" alt=\"\" class=\"wp-image-32484\" srcset=\"https:\/\/www.elpolitologoyelpolitico.com.ar\/wp-content\/uploads\/2023\/07\/IMG-20230714-WA0050-1024x683.jpg 1024w, https:\/\/www.elpolitologoyelpolitico.com.ar\/wp-content\/uploads\/2023\/07\/IMG-20230714-WA0050-300x200.jpg 300w, https:\/\/www.elpolitologoyelpolitico.com.ar\/wp-content\/uploads\/2023\/07\/IMG-20230714-WA0050-768x512.jpg 768w, https:\/\/www.elpolitologoyelpolitico.com.ar\/wp-content\/uploads\/2023\/07\/IMG-20230714-WA0050-1536x1024.jpg 1536w, https:\/\/www.elpolitologoyelpolitico.com.ar\/wp-content\/uploads\/2023\/07\/IMG-20230714-WA0050.jpg 1599w\" sizes=\"(max-width: 1024px) 100vw, 1024px\" \/><\/figure>\n\n\n\n<figure class=\"wp-block-image size-large\"><img decoding=\"async\" width=\"1024\" height=\"683\" data-id=\"32485\" src=\"https:\/\/www.elpolitologoyelpolitico.com.ar\/wp-content\/uploads\/2023\/07\/IMG-20230714-WA0048-1024x683.jpg\" alt=\"\" class=\"wp-image-32485\" srcset=\"https:\/\/www.elpolitologoyelpolitico.com.ar\/wp-content\/uploads\/2023\/07\/IMG-20230714-WA0048-1024x683.jpg 1024w, https:\/\/www.elpolitologoyelpolitico.com.ar\/wp-content\/uploads\/2023\/07\/IMG-20230714-WA0048-300x200.jpg 300w, https:\/\/www.elpolitologoyelpolitico.com.ar\/wp-content\/uploads\/2023\/07\/IMG-20230714-WA0048-768x512.jpg 768w, https:\/\/www.elpolitologoyelpolitico.com.ar\/wp-content\/uploads\/2023\/07\/IMG-20230714-WA0048-1536x1024.jpg 1536w, https:\/\/www.elpolitologoyelpolitico.com.ar\/wp-content\/uploads\/2023\/07\/IMG-20230714-WA0048.jpg 1599w\" sizes=\"(max-width: 1024px) 100vw, 1024px\" \/><\/figure>\n<\/figure>\n<div class=\"fb-background-color\">\n\t\t\t  <div \n\t\t\t  \tclass = \"fb-comments\" \n\t\t\t  \tdata-href = \"https:\/\/www.elpolitologoyelpolitico.com.ar\/wordpress\/2023\/07\/15\/el-intendente-zara-junto-a-productores-del-distrito-y-de-rio-negro-presento-un-petitorio-a-las-autoridades-de-senasa\/\"\n\t\t\t  \tdata-numposts = \"10\"\n\t\t\t  \tdata-lazy = \"true\"\n\t\t\t\tdata-colorscheme = \"light\"\n\t\t\t\tdata-order-by = \"social\"\n\t\t\t\tdata-mobile=true>\n\t\t\t  <\/div><\/div>\n\t\t  <style>\n\t\t    .fb-background-color {\n\t\t\t\tbackground: #ffffff !important;\n\t\t\t}\n\t\t\t.fb_iframe_widget_fluid_desktop iframe {\n\t\t\t    width: 100% !important;\n\t\t\t}\n\t\t  <\/style>\n\t\t  ","protected":false},"excerpt":{"rendered":"<p>Este viernes, el Intendente Municipal, Ing. Jos\u00e9 Luis Zara, junto al Jefe de Gabinete, Fabio Bettinelli, la Subsecretaria de Desarrollo Territorial, Eloise Gaido, y el concejal Ricardo Angos particip\u00f3 de un encuentro con productores del Distrito, referentes de las sociedades rurales de Viedma, organismos de R\u00edo Negro y de algunas provincias que integran la zona [&hellip;]<\/p>\n","protected":false},"author":4,"featured_media":32483,"comment_status":"closed","ping_status":"closed","sticky":false,"template":"","format":"standard","meta":{"_joinchat":[],"footnotes":""},"categories":[39],"tags":[],"class_list":["post-32482","post","type-post","status-publish","format-standard","has-post-thumbnail","hentry","category-en-esta-seccion"],"_links":{"self":[{"href":"https:\/\/www.elpolitologoyelpolitico.com.ar\/wordpress\/wp-json\/wp\/v2\/posts\/32482","targetHints":{"allow":["GET"]}}],"collection":[{"href":"https:\/\/www.elpolitologoyelpolitico.com.ar\/wordpress\/wp-json\/wp\/v2\/posts"}],"about":[{"href":"https:\/\/www.elpolitologoyelpolitico.com.ar\/wordpress\/wp-json\/wp\/v2\/types\/post"}],"author":[{"embeddable":true,"href":"https:\/\/www.elpolitologoyelpolitico.com.ar\/wordpress\/wp-json\/wp\/v2\/users\/4"}],"replies":[{"embeddable":true,"href":"https:\/\/www.elpolitologoyelpolitico.com.ar\/wordpress\/wp-json\/wp\/v2\/comments?post=32482"}],"version-history":[{"count":0,"href":"https:\/\/www.elpolitologoyelpolitico.com.ar\/wordpress\/wp-json\/wp\/v2\/posts\/32482\/revisions"}],"wp:featuredmedia":[{"embeddable":true,"href":"https:\/\/www.elpolitologoyelpolitico.com.ar\/wordpress\/wp-json\/wp\/v2\/media\/32483"}],"wp:attachment":[{"href":"https:\/\/www.elpolitologoyelpolitico.com.ar\/wordpress\/wp-json\/wp\/v2\/media?parent=32482"}],"wp:term":[{"taxonomy":"category","embeddable":true,"href":"https:\/\/www.elpolitologoyelpolitico.com.ar\/wordpress\/wp-json\/wp\/v2\/categories?post=32482"},{"taxonomy":"post_tag","embeddable":true,"href":"https:\/\/www.elpolitologoyelpolitico.com.ar\/wordpress\/wp-json\/wp\/v2\/tags?post=32482"}],"curies":[{"name":"wp","href":"https:\/\/api.w.org\/{rel}","templated":true}]}}