{"id":32475,"date":"2023-07-14T21:33:15","date_gmt":"2023-07-14T21:33:15","guid":{"rendered":"https:\/\/www.elpolitologoyelpolitico.com.ar\/wordpress\/?p=32475"},"modified":"2023-07-14T21:34:28","modified_gmt":"2023-07-14T21:34:28","slug":"importante-reunion-para-avanzar-con-el-plan-de-desarrollo-territorial-para-el-partido-de-patagones","status":"publish","type":"post","link":"https:\/\/www.elpolitologoyelpolitico.com.ar\/wordpress\/2023\/07\/14\/importante-reunion-para-avanzar-con-el-plan-de-desarrollo-territorial-para-el-partido-de-patagones\/","title":{"rendered":"Importante reuni\u00f3n para avanzar con el Plan de Desarrollo Territorial para el Partido de Patagones"},"content":{"rendered":"\n<p>Se concret\u00f3 este jueves un importante encuentro, en la ciudad de La Plata, para avanzar con el Plan de Desarrollo Territorial para el Partido de Patagones.<\/p>\n\n\n\n<p>El mismo tuvo lugar en la Direcci\u00f3n Provincial de Ordenamiento Urbano y Territorial, entre su su titular, Arq. Claudia Rodr\u00edguez, la Directora T\u00e9cnica, Arq. Evangelina Vel\u00e1zquez y, por Patagones, estuvieron presentes el Subsecretario de Planificaci\u00f3n, Ing. Juan Carlos Ricca, y el Director de Urbanismo, Arq. Ricardo Patri.<\/p>\n\n\n\n<p>La reuni\u00f3n tuvo dos temas principales: el primero vinculado al Plan de Desarrollo territorial del Partido de Patagones, informando por parte del Municipio que el mismo ser\u00e1 presentado ante la Direccion Provincial la pr\u00f3xima semana.<\/p>\n\n\n\n<p>A partir de ello, se delinearon los pasos a seguir para la aprobaci\u00f3n del Plan y su convalidaci\u00f3n provincial.<\/p>\n\n\n\n<p>Posteriormente, se present\u00f3 y debati\u00f3 la situaci\u00f3n de la Villa 7 de Marzo y de su incorporaci\u00f3n como \u00c1rea Extra Urbana al Municipio de Patagones.<\/p>\n<div class=\"fb-background-color\">\n\t\t\t  <div \n\t\t\t  \tclass = \"fb-comments\" \n\t\t\t  \tdata-href = \"https:\/\/www.elpolitologoyelpolitico.com.ar\/wordpress\/2023\/07\/14\/importante-reunion-para-avanzar-con-el-plan-de-desarrollo-territorial-para-el-partido-de-patagones\/\"\n\t\t\t  \tdata-numposts = \"10\"\n\t\t\t  \tdata-lazy = \"true\"\n\t\t\t\tdata-colorscheme = \"light\"\n\t\t\t\tdata-order-by = \"social\"\n\t\t\t\tdata-mobile=true>\n\t\t\t  <\/div><\/div>\n\t\t  <style>\n\t\t    .fb-background-color {\n\t\t\t\tbackground: #ffffff !important;\n\t\t\t}\n\t\t\t.fb_iframe_widget_fluid_desktop iframe {\n\t\t\t    width: 100% !important;\n\t\t\t}\n\t\t  <\/style>\n\t\t  ","protected":false},"excerpt":{"rendered":"<p>Se concret\u00f3 este jueves un importante encuentro, en la ciudad de La Plata, para avanzar con el Plan de Desarrollo Territorial para el Partido de Patagones. El mismo tuvo lugar en la Direcci\u00f3n Provincial de Ordenamiento Urbano y Territorial, entre su su titular, Arq. Claudia Rodr\u00edguez, la Directora T\u00e9cnica, Arq. Evangelina Vel\u00e1zquez y, por Patagones, [&hellip;]<\/p>\n","protected":false},"author":4,"featured_media":32476,"comment_status":"closed","ping_status":"closed","sticky":false,"template":"","format":"standard","meta":{"_joinchat":[],"footnotes":""},"categories":[4],"tags":[],"class_list":["post-32475","post","type-post","status-publish","format-standard","has-post-thumbnail","hentry","category-politicas-publicas"],"_links":{"self":[{"href":"https:\/\/www.elpolitologoyelpolitico.com.ar\/wordpress\/wp-json\/wp\/v2\/posts\/32475","targetHints":{"allow":["GET"]}}],"collection":[{"href":"https:\/\/www.elpolitologoyelpolitico.com.ar\/wordpress\/wp-json\/wp\/v2\/posts"}],"about":[{"href":"https:\/\/www.elpolitologoyelpolitico.com.ar\/wordpress\/wp-json\/wp\/v2\/types\/post"}],"author":[{"embeddable":true,"href":"https:\/\/www.elpolitologoyelpolitico.com.ar\/wordpress\/wp-json\/wp\/v2\/users\/4"}],"replies":[{"embeddable":true,"href":"https:\/\/www.elpolitologoyelpolitico.com.ar\/wordpress\/wp-json\/wp\/v2\/comments?post=32475"}],"version-history":[{"count":0,"href":"https:\/\/www.elpolitologoyelpolitico.com.ar\/wordpress\/wp-json\/wp\/v2\/posts\/32475\/revisions"}],"wp:featuredmedia":[{"embeddable":true,"href":"https:\/\/www.elpolitologoyelpolitico.com.ar\/wordpress\/wp-json\/wp\/v2\/media\/32476"}],"wp:attachment":[{"href":"https:\/\/www.elpolitologoyelpolitico.com.ar\/wordpress\/wp-json\/wp\/v2\/media?parent=32475"}],"wp:term":[{"taxonomy":"category","embeddable":true,"href":"https:\/\/www.elpolitologoyelpolitico.com.ar\/wordpress\/wp-json\/wp\/v2\/categories?post=32475"},{"taxonomy":"post_tag","embeddable":true,"href":"https:\/\/www.elpolitologoyelpolitico.com.ar\/wordpress\/wp-json\/wp\/v2\/tags?post=32475"}],"curies":[{"name":"wp","href":"https:\/\/api.w.org\/{rel}","templated":true}]}}