{"id":32468,"date":"2023-07-14T20:17:16","date_gmt":"2023-07-14T20:17:16","guid":{"rendered":"https:\/\/www.elpolitologoyelpolitico.com.ar\/wordpress\/?p=32468"},"modified":"2023-07-14T20:17:29","modified_gmt":"2023-07-14T20:17:29","slug":"se-viene-el-3encuentro-de-payadores-patagonicos-en-el-centro-cultural-de-viedma","status":"publish","type":"post","link":"https:\/\/www.elpolitologoyelpolitico.com.ar\/wordpress\/2023\/07\/14\/se-viene-el-3encuentro-de-payadores-patagonicos-en-el-centro-cultural-de-viedma\/","title":{"rendered":"Se viene el&nbsp; 3\u00b0Encuentro de Payadores Patag\u00f3nicos en el Centro Cultural&nbsp;de Viedma"},"content":{"rendered":"\n<p>Hoy viernes 14 de julio desde las 21 h en la sala Auditorio del Centro Municipal de Cultura de Viedma se realizar\u00e1 el 3\u00ba Encuentro de Payadores Patag\u00f3nicos con entrada libre y gratuita.<\/p>\n\n\n\n<p>Esta oportunidad contar\u00e1 con la participaci\u00f3n de&nbsp; los payadores rionegrinos Rafa Huerao de Maquinchao&nbsp; y Ra\u00fal Honorio de Ojo de Agua , el chubutense Guillermo \u201cEl payador de los Montes\u201d&nbsp; Marin, Juan Cruz Olie de Santa Rosa La Pampa, Luis Hernandez de Zapala, Neuqu\u00e9n e Ivan Huenchuman de Fitz Roy, Santa Cruz. La conducci\u00f3n estar\u00e1 a cargo de Aida Mariano&nbsp; de Los Menucos y Angel Asarof de Viedma.<\/p>\n\n\n\n<p>Este encuentro reivindica el canto del payador, de fuerte arraigo en la cultura regional patag\u00f3nica, que en d\u00e9cimas y octavas, en cuartetas o en sextillas, en ritmo de cifra, estilo o milonga revaloriza la poes\u00eda oral americana que persiste en el arte de la payada.<\/p>\n\n\n\n<p>Esta tercera edici\u00f3n cuenta con la organizaci\u00f3n del Gobierno de Viedma, Rafael Huerao y la Secretaria de Estado de Cultura de R\u00edo Negro.<\/p>\n<div class=\"fb-background-color\">\n\t\t\t  <div \n\t\t\t  \tclass = \"fb-comments\" \n\t\t\t  \tdata-href = \"https:\/\/www.elpolitologoyelpolitico.com.ar\/wordpress\/2023\/07\/14\/se-viene-el-3encuentro-de-payadores-patagonicos-en-el-centro-cultural-de-viedma\/\"\n\t\t\t  \tdata-numposts = \"10\"\n\t\t\t  \tdata-lazy = \"true\"\n\t\t\t\tdata-colorscheme = \"light\"\n\t\t\t\tdata-order-by = \"social\"\n\t\t\t\tdata-mobile=true>\n\t\t\t  <\/div><\/div>\n\t\t  <style>\n\t\t    .fb-background-color {\n\t\t\t\tbackground: #ffffff !important;\n\t\t\t}\n\t\t\t.fb_iframe_widget_fluid_desktop iframe {\n\t\t\t    width: 100% !important;\n\t\t\t}\n\t\t  <\/style>\n\t\t  ","protected":false},"excerpt":{"rendered":"<p>Hoy viernes 14 de julio desde las 21 h en la sala Auditorio del Centro Municipal de Cultura de Viedma se realizar\u00e1 el 3\u00ba Encuentro de Payadores Patag\u00f3nicos con entrada libre y gratuita. Esta oportunidad contar\u00e1 con la participaci\u00f3n de&nbsp; los payadores rionegrinos Rafa Huerao de Maquinchao&nbsp; y Ra\u00fal Honorio de Ojo de Agua , [&hellip;]<\/p>\n","protected":false},"author":4,"featured_media":32469,"comment_status":"closed","ping_status":"closed","sticky":false,"template":"","format":"standard","meta":{"_joinchat":[],"footnotes":""},"categories":[39],"tags":[],"class_list":["post-32468","post","type-post","status-publish","format-standard","has-post-thumbnail","hentry","category-en-esta-seccion"],"_links":{"self":[{"href":"https:\/\/www.elpolitologoyelpolitico.com.ar\/wordpress\/wp-json\/wp\/v2\/posts\/32468","targetHints":{"allow":["GET"]}}],"collection":[{"href":"https:\/\/www.elpolitologoyelpolitico.com.ar\/wordpress\/wp-json\/wp\/v2\/posts"}],"about":[{"href":"https:\/\/www.elpolitologoyelpolitico.com.ar\/wordpress\/wp-json\/wp\/v2\/types\/post"}],"author":[{"embeddable":true,"href":"https:\/\/www.elpolitologoyelpolitico.com.ar\/wordpress\/wp-json\/wp\/v2\/users\/4"}],"replies":[{"embeddable":true,"href":"https:\/\/www.elpolitologoyelpolitico.com.ar\/wordpress\/wp-json\/wp\/v2\/comments?post=32468"}],"version-history":[{"count":0,"href":"https:\/\/www.elpolitologoyelpolitico.com.ar\/wordpress\/wp-json\/wp\/v2\/posts\/32468\/revisions"}],"wp:featuredmedia":[{"embeddable":true,"href":"https:\/\/www.elpolitologoyelpolitico.com.ar\/wordpress\/wp-json\/wp\/v2\/media\/32469"}],"wp:attachment":[{"href":"https:\/\/www.elpolitologoyelpolitico.com.ar\/wordpress\/wp-json\/wp\/v2\/media?parent=32468"}],"wp:term":[{"taxonomy":"category","embeddable":true,"href":"https:\/\/www.elpolitologoyelpolitico.com.ar\/wordpress\/wp-json\/wp\/v2\/categories?post=32468"},{"taxonomy":"post_tag","embeddable":true,"href":"https:\/\/www.elpolitologoyelpolitico.com.ar\/wordpress\/wp-json\/wp\/v2\/tags?post=32468"}],"curies":[{"name":"wp","href":"https:\/\/api.w.org\/{rel}","templated":true}]}}